{"id":5383,"date":"2023-01-31T11:05:41","date_gmt":"2023-01-31T10:05:41","guid":{"rendered":"https:\/\/25anys.uic.es\/una-apuesta-por-la-formacion-basada-en-competencias\/"},"modified":"2023-02-06T16:36:10","modified_gmt":"2023-02-06T15:36:10","slug":"una-apuesta-por-la-formacion-basada-en-competencias","status":"publish","type":"post","link":"https:\/\/25anys.uic.es\/es\/una-apuesta-por-la-formacion-basada-en-competencias\/","title":{"rendered":"Una apuesta por la formaci\u00f3n basada en competencias"},"content":{"rendered":"\t\t<div data-elementor-type=\"wp-post\" data-elementor-id=\"5383\" class=\"elementor elementor-5383 elementor-5203\" data-elementor-post-type=\"post\">\n\t\t\t\t\t\t<section class=\"elementor-section elementor-top-section elementor-element elementor-element-896669b elementor-section-boxed elementor-section-height-default elementor-section-height-default parallax_section_no qode_elementor_container_no\" data-id=\"896669b\" data-element_type=\"section\" data-e-type=\"section\">\n\t\t\t\t\t\t<div class=\"elementor-container elementor-column-gap-default\">\n\t\t\t\t\t<div class=\"elementor-column elementor-col-100 elementor-top-column elementor-element elementor-element-298048b\" data-id=\"298048b\" data-element_type=\"column\" data-e-type=\"column\">\n\t\t\t<div class=\"elementor-widget-wrap elementor-element-populated\">\n\t\t\t\t\t\t<div class=\"elementor-element elementor-element-e7e3d83 elementor-widget elementor-widget-text-editor\" data-id=\"e7e3d83\" data-element_type=\"widget\" data-e-type=\"widget\" data-widget_type=\"text-editor.default\">\n\t\t\t\t<div class=\"elementor-widget-container\">\n\t\t\t\t\t\t\t\t\t<p><strong>En UIC Barcelona apostamos por un aprendizaje basado en la adquisici\u00f3n de competencias transversales y conocimientos propios de cada disciplina. Por eso, desde hace un par de a\u00f1os, la Universidad dispone del Centro Interdisciplinario de Pensamiento (CIP), un centro acad\u00e9mico que tiene por objetivo impulsar la formaci\u00f3n general transversal, de contenidos de diversos saberes.<\/strong><\/p>\n<p>Gracias al programa del CIP, destinado tanto a los estudiantes de grado \u2014con independencia de la titulaci\u00f3n que cursen\u2014, como al profesorado, y basado en sesiones te\u00f3ricas y pr\u00e1cticas, todos los estudiantes tienen un perfil vers\u00e1til y pueden adquirir competencias como el pensamiento cr\u00edtico, la visi\u00f3n global de los problemas, el examen de los presupuestos te\u00f3ricos de la propia disciplina, el fomento de la interdisciplinariedad, entre otros.<\/p>\n<p>Las asignaturas que ofrece este centro promueven la reflexi\u00f3n sobre los grandes temas de la historia, la cultura, el mundo contempor\u00e1neo y la misi\u00f3n de la Universidad, con las implicaciones de su identidad cristiana. Por este motivo, el CIP tiene una funci\u00f3n de car\u00e1cter interdisciplinario, interfacultativo y transversa, dentro de la Instituci\u00f3n.<\/p>\n<p>En esta l\u00ednea, los principales objetivos que persigue el Centro son: enriquecer la perspectiva del estudiante a trav\u00e9s de la planificaci\u00f3n y coordinaci\u00f3n de asignaturas transversales comunes en todos los planes de estudio y fomentar el di\u00e1logo interdisciplinario del profesorado y la reflexi\u00f3n epistemol\u00f3gica propia de cada disciplina.<\/p>\n<p>El CIP est\u00e1 dirigido por la profesora Andrea Rodr\u00edguez Prat y el profesor Miquel Bastons, directora y director adjunto, respectivamente. Ellos, y el resto del equipo \u2014\u00cd\u00f1igo Ugalde y Remei Agulles, subdirectores, y Empar Lorda, gestora de centro\u2014 trabajan conjuntamente con las distintas facultades en la implantaci\u00f3n de las asignaturas transversales.<\/p>\n<p>En este sentido, son las facultades las que proveen a los profesores del CIP que mejor se ajustan a las caracter\u00edsticas espec\u00edficas de cada grado y disciplina.<\/p>\n\t\t\t\t\t\t\t\t<\/div>\n\t\t\t\t<\/div>\n\t\t\t\t\t<\/div>\n\t\t<\/div>\n\t\t\t\t\t<\/div>\n\t\t<\/section>\n\t\t\t\t<section class=\"elementor-section elementor-top-section elementor-element elementor-element-0690f11 elementor-section-boxed elementor-section-height-default elementor-section-height-default parallax_section_no qode_elementor_container_no\" data-id=\"0690f11\" data-element_type=\"section\" data-e-type=\"section\">\n\t\t\t\t\t\t<div class=\"elementor-container elementor-column-gap-default\">\n\t\t\t\t\t<div class=\"elementor-column elementor-col-100 elementor-top-column elementor-element elementor-element-6d82608\" data-id=\"6d82608\" data-element_type=\"column\" data-e-type=\"column\">\n\t\t\t<div class=\"elementor-widget-wrap elementor-element-populated\">\n\t\t\t\t\t\t<div class=\"elementor-element elementor-element-8d6aabc elementor-widget elementor-widget-heading\" data-id=\"8d6aabc\" data-element_type=\"widget\" data-e-type=\"widget\" data-widget_type=\"heading.default\">\n\t\t\t\t<div class=\"elementor-widget-container\">\n\t\t\t\t\t<h2 class=\"elementor-heading-title elementor-size-default\">Art\u00edculos relacionados<\/h2>\t\t\t\t<\/div>\n\t\t\t\t<\/div>\n\t\t\t\t<div class=\"elementor-element elementor-element-32a75fa elementor-widget-divider--view-line elementor-widget elementor-widget-divider\" data-id=\"32a75fa\" data-element_type=\"widget\" data-e-type=\"widget\" data-widget_type=\"divider.default\">\n\t\t\t\t<div class=\"elementor-widget-container\">\n\t\t\t\t\t\t\t<div class=\"elementor-divider\">\n\t\t\t<span class=\"elementor-divider-separator\">\n\t\t\t\t\t\t<\/span>\n\t\t<\/div>\n\t\t\t\t\t\t<\/div>\n\t\t\t\t<\/div>\n\t\t\t\t\t<\/div>\n\t\t<\/div>\n\t\t\t\t\t<\/div>\n\t\t<\/section>\n\t\t\t\t<section class=\"elementor-section elementor-top-section elementor-element elementor-element-78fd82a elementor-section-full_width elementor-section-height-default elementor-section-height-default parallax_section_no qode_elementor_container_no\" data-id=\"78fd82a\" data-element_type=\"section\" data-e-type=\"section\">\n\t\t\t\t\t\t<div class=\"elementor-container elementor-column-gap-narrow\">\n\t\t\t\t\t<div class=\"elementor-column elementor-col-100 elementor-top-column elementor-element elementor-element-d0dada5\" data-id=\"d0dada5\" data-element_type=\"column\" data-e-type=\"column\">\n\t\t\t<div class=\"elementor-widget-wrap elementor-element-populated\">\n\t\t\t\t\t\t<div class=\"elementor-element elementor-element-d33e06e elementor-widget elementor-widget-button\" data-id=\"d33e06e\" data-element_type=\"widget\" data-e-type=\"widget\" data-widget_type=\"button.default\">\n\t\t\t\t<div class=\"elementor-widget-container\">\n\t\t\t\t\t\t\t\t\t<div class=\"elementor-button-wrapper\">\n\t\t\t\t\t<a class=\"elementor-button elementor-button-link elementor-size-lg\" href=\"https:\/\/25anys.uic.es\/el-cip-implementa-el-modul-de-fonaments-culturals\/\">\n\t\t\t\t\t\t<span class=\"elementor-button-content-wrapper\">\n\t\t\t\t\t\t\t\t\t<span class=\"elementor-button-text\">El CIP implementa el m\u00f3dulo de Fundamentos Culturales<\/span>\n\t\t\t\t\t<\/span>\n\t\t\t\t\t<\/a>\n\t\t\t\t<\/div>\n\t\t\t\t\t\t\t\t<\/div>\n\t\t\t\t<\/div>\n\t\t\t\t\t<\/div>\n\t\t<\/div>\n\t\t\t\t\t<\/div>\n\t\t<\/section>\n\t\t\t\t<\/div>\n\t\t","protected":false},"excerpt":{"rendered":"<p>En UIC Barcelona apostamos por un aprendizaje basado en la adquisici\u00f3n de competencias transversales y conocimientos propios de cada disciplina. Por eso, desde hace un par de a\u00f1os, la Universidad dispone del Centro Interdisciplinario de Pensamiento (CIP), un centro acad\u00e9mico que tiene por objetivo impulsar la formaci\u00f3n general transversal, de contenidos de diversos saberes.<\/p>\n","protected":false},"author":4,"featured_media":5219,"comment_status":"closed","ping_status":"closed","sticky":false,"template":"","format":"standard","meta":{"om_disable_all_campaigns":false,"_monsterinsights_skip_tracking":false,"_monsterinsights_sitenote_active":false,"_monsterinsights_sitenote_note":"","_monsterinsights_sitenote_category":0,"_uf_show_specific_survey":0,"_uf_disable_surveys":false,"footnotes":""},"categories":[104],"tags":[],"class_list":["post-5383","post","type-post","status-publish","format-standard","has-post-thumbnail","hentry","category-a-fondo-ok"],"aioseo_notices":[],"_links":{"self":[{"href":"https:\/\/25anys.uic.es\/es\/wp-json\/wp\/v2\/posts\/5383","targetHints":{"allow":["GET"]}}],"collection":[{"href":"https:\/\/25anys.uic.es\/es\/wp-json\/wp\/v2\/posts"}],"about":[{"href":"https:\/\/25anys.uic.es\/es\/wp-json\/wp\/v2\/types\/post"}],"author":[{"embeddable":true,"href":"https:\/\/25anys.uic.es\/es\/wp-json\/wp\/v2\/users\/4"}],"replies":[{"embeddable":true,"href":"https:\/\/25anys.uic.es\/es\/wp-json\/wp\/v2\/comments?post=5383"}],"version-history":[{"count":1,"href":"https:\/\/25anys.uic.es\/es\/wp-json\/wp\/v2\/posts\/5383\/revisions"}],"predecessor-version":[{"id":5384,"href":"https:\/\/25anys.uic.es\/es\/wp-json\/wp\/v2\/posts\/5383\/revisions\/5384"}],"wp:featuredmedia":[{"embeddable":true,"href":"https:\/\/25anys.uic.es\/es\/wp-json\/wp\/v2\/media\/5219"}],"wp:attachment":[{"href":"https:\/\/25anys.uic.es\/es\/wp-json\/wp\/v2\/media?parent=5383"}],"wp:term":[{"taxonomy":"category","embeddable":true,"href":"https:\/\/25anys.uic.es\/es\/wp-json\/wp\/v2\/categories?post=5383"},{"taxonomy":"post_tag","embeddable":true,"href":"https:\/\/25anys.uic.es\/es\/wp-json\/wp\/v2\/tags?post=5383"}],"curies":[{"name":"wp","href":"https:\/\/api.w.org\/{rel}","templated":true}]}}