{"id":5395,"date":"2023-01-18T17:10:00","date_gmt":"2023-01-18T16:10:00","guid":{"rendered":"https:\/\/25anys.uic.es\/conferencia-de-mariano-fazio-sobre-libertad-verdad-y-universidad\/"},"modified":"2023-02-06T17:17:57","modified_gmt":"2023-02-06T16:17:57","slug":"conferencia-de-mariano-fazio-sobre-libertad-verdad-y-universidad","status":"publish","type":"post","link":"https:\/\/25anys.uic.es\/es\/conferencia-de-mariano-fazio-sobre-libertad-verdad-y-universidad\/","title":{"rendered":"Conferencia de Mariano Fazio sobre \u201cLibertad, verdad y universidad\u201d"},"content":{"rendered":"\t\t<div data-elementor-type=\"wp-post\" data-elementor-id=\"5395\" class=\"elementor elementor-5395 elementor-5245\" data-elementor-post-type=\"post\">\n\t\t\t\t\t\t<section class=\"elementor-section elementor-top-section elementor-element elementor-element-896669b elementor-section-boxed elementor-section-height-default elementor-section-height-default parallax_section_no qode_elementor_container_no\" data-id=\"896669b\" data-element_type=\"section\" data-e-type=\"section\">\n\t\t\t\t\t\t<div class=\"elementor-container elementor-column-gap-default\">\n\t\t\t\t\t<div class=\"elementor-column elementor-col-100 elementor-top-column elementor-element elementor-element-298048b\" data-id=\"298048b\" data-element_type=\"column\" data-e-type=\"column\">\n\t\t\t<div class=\"elementor-widget-wrap elementor-element-populated\">\n\t\t\t\t\t\t<div class=\"elementor-element elementor-element-e7e3d83 elementor-widget elementor-widget-text-editor\" data-id=\"e7e3d83\" data-element_type=\"widget\" data-e-type=\"widget\" data-widget_type=\"text-editor.default\">\n\t\t\t\t<div class=\"elementor-widget-container\">\n\t\t\t\t\t\t\t\t\t<p><strong>El antiguo rector de Universidad Pontificia de la Santa Cruz y actual vicario auxiliar del Opus Dei, Mariano Fazio, imparti\u00f3 el 18 de enero la conferencia titulada \u201cLibertad, verdad y universidad\u201d. Sacerdote, historiador, fil\u00f3sofo y profesor universitario, el ponente habl\u00f3 por la tarde ante m\u00e1s de cuatrocientas personas, en el Aula Magna de la Universidad. Por la ma\u00f1ana, Fazio tuvo la oportunidad de conocer los dos campus de UIC Barcelona. <\/strong><\/p>\n<p>Partiendo del lema de esta Universidad, <strong>\u201cveritas liberabit vos\u201d<\/strong> (\u2018la verdad os har\u00e1 libres\u2019), Mariano Fazio comenz\u00f3 la sesi\u00f3n pregunt\u00e1ndose \u201ccu\u00e1l es esa verdad tan grande que nos hace libres, que nos lleva a tener una vida plena\u201d. Esta cuesti\u00f3n le llev\u00f3 a desgranar l<span style=\"font-family: 'Times New Roman'; font-size: medium; text-align: start;\">Partiendo del lema de esta Universidad,<\/span><span style=\"font-family: 'Times New Roman'; font-size: medium; text-align: start;\"> <\/span><strong style=\"font-family: 'Times New Roman'; font-size: medium; text-align: start;\">\u201cveritas liberabit vos\u201d <\/strong><span style=\"font-family: 'Times New Roman'; font-size: medium; text-align: start;\">(\u2018la verdad os har\u00e1 libres\u2019), Mariano Fazio comenz\u00f3 la sesi\u00f3n pregunt\u00e1ndose \u201ccu\u00e1l es esa verdad tan grande que nos hace libres, que nos lleva a tener una vida plena\u201d. Esta cuesti\u00f3n le llev\u00f3 a desgranar las caracter\u00edsticas antropol\u00f3gicas del hombre, poniendo \u00e9nfasis en una fundamental, que marca el paso hacia esta plenitud: \u201cSalimos de Dios y a Dios volvemos\u201d \u2014dijo\u2014, \u201cesta es la gran tem\u00e1tica de muchos cl\u00e1sicos\u201d.<\/span><\/p>\n\t\t\t\t\t\t\t\t<\/div>\n\t\t\t\t<\/div>\n\t\t\t\t<div class=\"elementor-element elementor-element-25f2644 elementor-widget elementor-widget-qi_addons_for_elementor_blockquote\" data-id=\"25f2644\" data-element_type=\"widget\" data-e-type=\"widget\" data-widget_type=\"qi_addons_for_elementor_blockquote.default\">\n\t\t\t\t<div class=\"elementor-widget-container\">\n\t\t\t\t\t<div class=\"qodef-shortcode qodef-m qodef-qi-blockquote qodef-layout--inline qodef--icon-pack\">\n\t\t\t<h4 class=\"qodef-m-text\">\n\t\t\t\t\t\t\t<span class=\"qodef-m-icon\">\n\t\t\t\t\t<i aria-hidden=\"true\" class=\"fas fa-quote-right\"><\/i>\t\t\t\t<\/span>\n\t\t\t\t\t\t\u201cLa persona est\u00e1 hecha por el bien, la belleza; lo que los cl\u00e1sicos llaman \u2018los trascendentales\u2019. Y, para llegar a nuestro \u00faltimo fin, debemos hacerlo libremente\u201d.\t\t<\/h4>\n\t<\/div>\n\t\t\t\t<\/div>\n\t\t\t\t<\/div>\n\t\t\t\t<div class=\"elementor-element elementor-element-912a9ee elementor-widget elementor-widget-text-editor\" data-id=\"912a9ee\" data-element_type=\"widget\" data-e-type=\"widget\" data-widget_type=\"text-editor.default\">\n\t\t\t\t<div class=\"elementor-widget-container\">\n\t\t\t\t\t\t\t\t\t<p>Fazio, utilizando unas palabras del papa Francisco, afirm\u00f3 que \u201c<strong>no estamos en este mundo como errantes, sino como peregrinos<\/strong>\u201d. El errante, desorientado y sin br\u00fajula, va dando vueltas sin saber d\u00f3nde est\u00e1, mientras que el peregrino camina, libremente, hacia un objetivo claro. \u201cY, si me equivoco, me levanto; y, si hay algo que me impide andar por el camino, lo elimino\u201d.<\/p>\n<p>Y la verdad y la libertad, Fazio las enlaz\u00f3 con la Universidad. <strong>\u201c\u00bfY qu\u00e9 tiene que ver todo esto con la Universidad? Muchas cosas. El amor que existe en la fe cristiana por la Verdad. Es de ah\u00ed, de hecho, de d\u00f3nde nacieron las universidades\u201d.<\/strong> La verdad sobre el mundo. La verdad sobre el hombre. \u201cLa clave principal del pontificado de Juan Pablo II fue la verdad sobre la persona humana. La de Benedicto XVI, la confianza del hombre en alcanzar la verdad y superar lo que llamaba la &#8216;dictadura del relativismo&#8217;, si trabajan juntas fe y raz\u00f3n\u201d.<\/p>\n<p>Mariano Fazio insisti\u00f3 en la necesidad de este di\u00e1logo entre fe y raz\u00f3n, porque \u201c<strong>una fe sin raz\u00f3n es fanatismo y una raz\u00f3n, sin fe, positivismo\u201d<\/strong>. Por eso, concretaba que \u201c<strong>es tarea de la universidad abrirse a la verdad y redescubrirla constantemente<\/strong>\u201d.<\/p>\n\t\t\t\t\t\t\t\t<\/div>\n\t\t\t\t<\/div>\n\t\t\t\t<section class=\"elementor-section elementor-inner-section elementor-element elementor-element-c60fd96 elementor-section-boxed elementor-section-height-default elementor-section-height-default parallax_section_no qode_elementor_container_no\" data-id=\"c60fd96\" data-element_type=\"section\" data-e-type=\"section\">\n\t\t\t\t\t\t<div class=\"elementor-container elementor-column-gap-default\">\n\t\t\t\t\t<div class=\"elementor-column elementor-col-50 elementor-inner-column elementor-element elementor-element-f49e9fd\" data-id=\"f49e9fd\" data-element_type=\"column\" data-e-type=\"column\">\n\t\t\t<div class=\"elementor-widget-wrap elementor-element-populated\">\n\t\t\t\t\t\t<div class=\"elementor-element elementor-element-41d8d2e elementor-widget elementor-widget-qi_addons_for_elementor_blockquote\" data-id=\"41d8d2e\" data-element_type=\"widget\" data-e-type=\"widget\" data-widget_type=\"qi_addons_for_elementor_blockquote.default\">\n\t\t\t\t<div class=\"elementor-widget-container\">\n\t\t\t\t\t<div class=\"qodef-shortcode qodef-m qodef-qi-blockquote qodef-layout--inline qodef--icon-pack\">\n\t\t\t<h4 class=\"qodef-m-text\">\n\t\t\t\t\t\t\t<span class=\"qodef-m-icon\">\n\t\t\t\t\t<i aria-hidden=\"true\" class=\"fas fa-quote-right\"><\/i>\t\t\t\t<\/span>\n\t\t\t\t\t\t\u201cUna fe sin raz\u00f3n es fanatismo y una raz\u00f3n, sin fe, positivismo\u201d\t\t<\/h4>\n\t<\/div>\n\t\t\t\t<\/div>\n\t\t\t\t<\/div>\n\t\t\t\t\t<\/div>\n\t\t<\/div>\n\t\t\t\t<div class=\"elementor-column elementor-col-50 elementor-inner-column elementor-element elementor-element-3c854d1\" data-id=\"3c854d1\" data-element_type=\"column\" data-e-type=\"column\">\n\t\t\t<div class=\"elementor-widget-wrap elementor-element-populated\">\n\t\t\t\t\t\t<div class=\"elementor-element elementor-element-4136ca7 elementor-widget elementor-widget-qi_addons_for_elementor_blockquote\" data-id=\"4136ca7\" data-element_type=\"widget\" data-e-type=\"widget\" data-widget_type=\"qi_addons_for_elementor_blockquote.default\">\n\t\t\t\t<div class=\"elementor-widget-container\">\n\t\t\t\t\t<div class=\"qodef-shortcode qodef-m qodef-qi-blockquote qodef-layout--inline qodef--icon-pack\">\n\t\t\t<h4 class=\"qodef-m-text\">\n\t\t\t\t\t\t\t<span class=\"qodef-m-icon\">\n\t\t\t\t\t<i aria-hidden=\"true\" class=\"fas fa-quote-right\"><\/i>\t\t\t\t<\/span>\n\t\t\t\t\t\t \u201cEs tarea de la universidad abrirse a la verdad y redescubrirla constantemente\u201d\t\t<\/h4>\n\t<\/div>\n\t\t\t\t<\/div>\n\t\t\t\t<\/div>\n\t\t\t\t\t<\/div>\n\t\t<\/div>\n\t\t\t\t\t<\/div>\n\t\t<\/section>\n\t\t\t\t<div class=\"elementor-element elementor-element-865c7a3 elementor-widget elementor-widget-text-editor\" data-id=\"865c7a3\" data-element_type=\"widget\" data-e-type=\"widget\" data-widget_type=\"text-editor.default\">\n\t\t\t\t<div class=\"elementor-widget-container\">\n\t\t\t\t\t\t\t\t\t<p><\/p>\n<p>Es verdad que existen algunas disciplinas, como las humanidades, que entran m\u00e1s en estas cuestiones, pero \u201chay que descubrir, en todas las dem\u00e1s, esta vocaci\u00f3n de servicio: ponerse a disposici\u00f3n de la persona humana. Tanto un economista, como un arquitecto o un m\u00e9dico.&nbsp;<strong>\u201cCualquier profesi\u00f3n tiene una visi\u00f3n human\u00edstica de la que hay que cuidar\u201d.<\/strong><br><\/p>\n<p>La conferencia termin\u00f3 con un coloquio durante el que hubo posibilidad de dirigir preguntas al ponente. Por la ma\u00f1ana, Fazio tuvo la oportunidad de visitar las cl\u00ednicas del Campus Sant Cugat, donde qued\u00f3 admirado de la gran labor humana que se realiza concretamente en la cl\u00ednica Cuides UIC Barcelona.<\/p>\n<p>Mariano Fazio es profesor de Historia de las Doctrinas Pol\u00edticas en la Universidad Pontificia de la Santa Cruz, de la que ha sido rector. Es autor de m\u00e1s de treinta libros como, entre otros,&nbsp;<em>Libertad para amar a trav\u00e9s de los cl\u00e1sicos<\/em>&nbsp;(2022)&nbsp;<em>Contracorriente&#8230; hacia la libertad<\/em>&nbsp;(2021). Actualmente trabaja en Roma, como vicario auxiliar del Opus Dei.<\/p>\t\t\t\t\t\t\t\t<\/div>\n\t\t\t\t<\/div>\n\t\t\t\t\t<\/div>\n\t\t<\/div>\n\t\t\t\t\t<\/div>\n\t\t<\/section>\n\t\t\t\t<section class=\"elementor-section elementor-top-section elementor-element elementor-element-a4016cd elementor-section-boxed elementor-section-height-default elementor-section-height-default parallax_section_no qode_elementor_container_no\" data-id=\"a4016cd\" data-element_type=\"section\" data-e-type=\"section\">\n\t\t\t\t\t\t<div class=\"elementor-container elementor-column-gap-default\">\n\t\t\t\t\t<div class=\"elementor-column elementor-col-100 elementor-top-column elementor-element elementor-element-d1a3780\" data-id=\"d1a3780\" data-element_type=\"column\" data-e-type=\"column\">\n\t\t\t<div class=\"elementor-widget-wrap elementor-element-populated\">\n\t\t\t\t\t\t<div class=\"elementor-element elementor-element-94c557c elementor-widget elementor-widget-heading\" data-id=\"94c557c\" data-element_type=\"widget\" data-e-type=\"widget\" data-widget_type=\"heading.default\">\n\t\t\t\t<div class=\"elementor-widget-container\">\n\t\t\t\t\t<p class=\"elementor-heading-title elementor-size-default\">V\u00eddeo<\/p>\t\t\t\t<\/div>\n\t\t\t\t<\/div>\n\t\t\t\t<div class=\"elementor-element elementor-element-cdef791 elementor-widget-divider--view-line elementor-widget elementor-widget-divider\" data-id=\"cdef791\" data-element_type=\"widget\" data-e-type=\"widget\" data-widget_type=\"divider.default\">\n\t\t\t\t<div class=\"elementor-widget-container\">\n\t\t\t\t\t\t\t<div class=\"elementor-divider\">\n\t\t\t<span class=\"elementor-divider-separator\">\n\t\t\t\t\t\t<\/span>\n\t\t<\/div>\n\t\t\t\t\t\t<\/div>\n\t\t\t\t<\/div>\n\t\t\t\t<div class=\"elementor-element elementor-element-9d68bd8 elementor-widget elementor-widget-bridge_video_box\" data-id=\"9d68bd8\" data-element_type=\"widget\" data-e-type=\"widget\" data-widget_type=\"bridge_video_box.default\">\n\t\t\t\t<div class=\"elementor-widget-container\">\n\t\t\t\t\t<div class=\"qode_video_box\">\n\t<a itemprop=\"image\" class=\"qode_video_image\" href=\"https:\/\/www.youtube.com\/watch?v=u2T0CS3wTkw\" data-rel=\"prettyPhoto\">\n\t\t\t\t\t<img fetchpriority=\"high\" decoding=\"async\" width=\"1200\" height=\"800\" src=\"https:\/\/25anys.uic.es\/wp-content\/uploads\/2023\/01\/230118_VISITA_MARIANO_FAZIO_27.jpg\" class=\"attachment-full size-full\" alt=\"\" srcset=\"https:\/\/25anys.uic.es\/wp-content\/uploads\/2023\/01\/230118_VISITA_MARIANO_FAZIO_27.jpg 1200w, https:\/\/25anys.uic.es\/wp-content\/uploads\/2023\/01\/230118_VISITA_MARIANO_FAZIO_27-300x200.jpg 300w, https:\/\/25anys.uic.es\/wp-content\/uploads\/2023\/01\/230118_VISITA_MARIANO_FAZIO_27-1024x683.jpg 1024w, https:\/\/25anys.uic.es\/wp-content\/uploads\/2023\/01\/230118_VISITA_MARIANO_FAZIO_27-768x512.jpg 768w, https:\/\/25anys.uic.es\/wp-content\/uploads\/2023\/01\/230118_VISITA_MARIANO_FAZIO_27-700x467.jpg 700w\" sizes=\"(max-width: 1200px) 100vw, 1200px\" \/>\t\t\t<span class=\"qode_video_box_button_holder\">\n\t\t\t\t<span class=\"qode_video_box_button\">\n\t\t\t\t\t<span class=\"qode_video_box_button_arrow\">\n\t\t\t\t\t<\/span>\n\t\t\t\t<\/span>\n\t\t\t<\/span>\n\t\t\t<\/a>\n<\/div>\t\t\t\t<\/div>\n\t\t\t\t<\/div>\n\t\t\t\t\t<\/div>\n\t\t<\/div>\n\t\t\t\t\t<\/div>\n\t\t<\/section>\n\t\t\t\t<section class=\"elementor-section elementor-top-section elementor-element elementor-element-c3b6729 elementor-section-boxed elementor-section-height-default elementor-section-height-default parallax_section_no qode_elementor_container_no\" data-id=\"c3b6729\" data-element_type=\"section\" data-e-type=\"section\">\n\t\t\t\t\t\t<div class=\"elementor-container elementor-column-gap-default\">\n\t\t\t\t\t<div class=\"elementor-column elementor-col-100 elementor-top-column elementor-element elementor-element-897534b\" data-id=\"897534b\" data-element_type=\"column\" data-e-type=\"column\">\n\t\t\t<div class=\"elementor-widget-wrap elementor-element-populated\">\n\t\t\t\t\t\t<div class=\"elementor-element elementor-element-bc2907e elementor-widget elementor-widget-heading\" data-id=\"bc2907e\" data-element_type=\"widget\" data-e-type=\"widget\" data-widget_type=\"heading.default\">\n\t\t\t\t<div class=\"elementor-widget-container\">\n\t\t\t\t\t<p class=\"elementor-heading-title elementor-size-default\">Galer\u00eda<\/p>\t\t\t\t<\/div>\n\t\t\t\t<\/div>\n\t\t\t\t<div class=\"elementor-element elementor-element-cbf65df elementor-widget-divider--view-line elementor-widget elementor-widget-divider\" data-id=\"cbf65df\" data-element_type=\"widget\" data-e-type=\"widget\" data-widget_type=\"divider.default\">\n\t\t\t\t<div class=\"elementor-widget-container\">\n\t\t\t\t\t\t\t<div class=\"elementor-divider\">\n\t\t\t<span class=\"elementor-divider-separator\">\n\t\t\t\t\t\t<\/span>\n\t\t<\/div>\n\t\t\t\t\t\t<\/div>\n\t\t\t\t<\/div>\n\t\t\t\t<div class=\"elementor-element elementor-element-a3a149a elementor-widget elementor-widget-gallery\" data-id=\"a3a149a\" data-element_type=\"widget\" data-e-type=\"widget\" data-settings=\"{&quot;lazyload&quot;:&quot;yes&quot;,&quot;gallery_layout&quot;:&quot;grid&quot;,&quot;columns&quot;:4,&quot;columns_tablet&quot;:2,&quot;columns_mobile&quot;:1,&quot;gap&quot;:{&quot;unit&quot;:&quot;px&quot;,&quot;size&quot;:10,&quot;sizes&quot;:[]},&quot;gap_widescreen&quot;:{&quot;unit&quot;:&quot;px&quot;,&quot;size&quot;:&quot;&quot;,&quot;sizes&quot;:[]},&quot;gap_tablet&quot;:{&quot;unit&quot;:&quot;px&quot;,&quot;size&quot;:10,&quot;sizes&quot;:[]},&quot;gap_mobile&quot;:{&quot;unit&quot;:&quot;px&quot;,&quot;size&quot;:10,&quot;sizes&quot;:[]},&quot;link_to&quot;:&quot;file&quot;,&quot;aspect_ratio&quot;:&quot;3:2&quot;,&quot;overlay_background&quot;:&quot;yes&quot;,&quot;content_hover_animation&quot;:&quot;fade-in&quot;}\" data-widget_type=\"gallery.default\">\n\t\t\t\t<div class=\"elementor-widget-container\">\n\t\t\t\t\t\t\t<div class=\"elementor-gallery__container\">\n\t\t\t\t\t\t\t<a class=\"e-gallery-item elementor-gallery-item elementor-animated-content\" href=\"https:\/\/25anys.uic.es\/wp-content\/uploads\/2023\/01\/230118_VISITA_MARIANO_FAZIO_35-1.jpg\" data-elementor-open-lightbox=\"yes\" data-elementor-lightbox-slideshow=\"a3a149a\" data-elementor-lightbox-title=\"230118_VISITA_MARIANO_FAZIO_35\" data-e-action-hash=\"#elementor-action%3Aaction%3Dlightbox%26settings%3DeyJpZCI6NTI5MiwidXJsIjoiaHR0cHM6XC9cLzI1YW55cy51aWMuZXNcL3dwLWNvbnRlbnRcL3VwbG9hZHNcLzIwMjNcLzAxXC8yMzAxMThfVklTSVRBX01BUklBTk9fRkFaSU9fMzUtMS5qcGciLCJzbGlkZXNob3ciOiJhM2ExNDlhIn0%3D\">\n\t\t\t\t\t<div class=\"e-gallery-image elementor-gallery-item__image\" data-thumbnail=\"https:\/\/25anys.uic.es\/wp-content\/uploads\/2023\/01\/230118_VISITA_MARIANO_FAZIO_35-1-300x200.jpg\" data-width=\"300\" data-height=\"200\" aria-label=\"\" role=\"img\" ><\/div>\n\t\t\t\t\t\t\t\t\t\t\t<div class=\"elementor-gallery-item__overlay\"><\/div>\n\t\t\t\t\t\t\t\t\t\t\t\t\t\t<\/a>\n\t\t\t\t\t\t\t<a class=\"e-gallery-item elementor-gallery-item elementor-animated-content\" href=\"https:\/\/25anys.uic.es\/wp-content\/uploads\/2023\/01\/230118_VISITA_MARIANO_FAZIO_24-1.jpg\" data-elementor-open-lightbox=\"yes\" data-elementor-lightbox-slideshow=\"a3a149a\" data-elementor-lightbox-title=\"230118_VISITA_MARIANO_FAZIO_24\" data-e-action-hash=\"#elementor-action%3Aaction%3Dlightbox%26settings%3DeyJpZCI6NTI4NiwidXJsIjoiaHR0cHM6XC9cLzI1YW55cy51aWMuZXNcL3dwLWNvbnRlbnRcL3VwbG9hZHNcLzIwMjNcLzAxXC8yMzAxMThfVklTSVRBX01BUklBTk9fRkFaSU9fMjQtMS5qcGciLCJzbGlkZXNob3ciOiJhM2ExNDlhIn0%3D\">\n\t\t\t\t\t<div class=\"e-gallery-image elementor-gallery-item__image\" data-thumbnail=\"https:\/\/25anys.uic.es\/wp-content\/uploads\/2023\/01\/230118_VISITA_MARIANO_FAZIO_24-1-300x200.jpg\" data-width=\"300\" data-height=\"200\" aria-label=\"\" role=\"img\" ><\/div>\n\t\t\t\t\t\t\t\t\t\t\t<div class=\"elementor-gallery-item__overlay\"><\/div>\n\t\t\t\t\t\t\t\t\t\t\t\t\t\t<\/a>\n\t\t\t\t\t\t\t<a class=\"e-gallery-item elementor-gallery-item elementor-animated-content\" href=\"https:\/\/25anys.uic.es\/wp-content\/uploads\/2023\/01\/230118_VISITA_MARIANO_FAZIO_01.jpg\" data-elementor-open-lightbox=\"yes\" data-elementor-lightbox-slideshow=\"a3a149a\" data-elementor-lightbox-title=\"230118_VISITA_MARIANO_FAZIO_01\" data-e-action-hash=\"#elementor-action%3Aaction%3Dlightbox%26settings%3DeyJpZCI6NTI0NywidXJsIjoiaHR0cHM6XC9cLzI1YW55cy51aWMuZXNcL3dwLWNvbnRlbnRcL3VwbG9hZHNcLzIwMjNcLzAxXC8yMzAxMThfVklTSVRBX01BUklBTk9fRkFaSU9fMDEuanBnIiwic2xpZGVzaG93IjoiYTNhMTQ5YSJ9\">\n\t\t\t\t\t<div class=\"e-gallery-image elementor-gallery-item__image\" data-thumbnail=\"https:\/\/25anys.uic.es\/wp-content\/uploads\/2023\/01\/230118_VISITA_MARIANO_FAZIO_01-300x200.jpg\" data-width=\"300\" data-height=\"200\" aria-label=\"\" role=\"img\" ><\/div>\n\t\t\t\t\t\t\t\t\t\t\t<div class=\"elementor-gallery-item__overlay\"><\/div>\n\t\t\t\t\t\t\t\t\t\t\t\t\t\t<\/a>\n\t\t\t\t\t\t\t<a class=\"e-gallery-item elementor-gallery-item elementor-animated-content\" href=\"https:\/\/25anys.uic.es\/wp-content\/uploads\/2023\/01\/230118_VISITA_MARIANO_FAZIO_33-1.jpg\" data-elementor-open-lightbox=\"yes\" data-elementor-lightbox-slideshow=\"a3a149a\" data-elementor-lightbox-title=\"230118_VISITA_MARIANO_FAZIO_33\" data-e-action-hash=\"#elementor-action%3Aaction%3Dlightbox%26settings%3DeyJpZCI6NTI4OSwidXJsIjoiaHR0cHM6XC9cLzI1YW55cy51aWMuZXNcL3dwLWNvbnRlbnRcL3VwbG9hZHNcLzIwMjNcLzAxXC8yMzAxMThfVklTSVRBX01BUklBTk9fRkFaSU9fMzMtMS5qcGciLCJzbGlkZXNob3ciOiJhM2ExNDlhIn0%3D\">\n\t\t\t\t\t<div class=\"e-gallery-image elementor-gallery-item__image\" data-thumbnail=\"https:\/\/25anys.uic.es\/wp-content\/uploads\/2023\/01\/230118_VISITA_MARIANO_FAZIO_33-1-300x200.jpg\" data-width=\"300\" data-height=\"200\" aria-label=\"\" role=\"img\" ><\/div>\n\t\t\t\t\t\t\t\t\t\t\t<div class=\"elementor-gallery-item__overlay\"><\/div>\n\t\t\t\t\t\t\t\t\t\t\t\t\t\t<\/a>\n\t\t\t\t\t<\/div>\n\t\t\t\t\t<\/div>\n\t\t\t\t<\/div>\n\t\t\t\t<div class=\"elementor-element elementor-element-b000b64 elementor-align-right elementor-widget elementor-widget-button\" data-id=\"b000b64\" data-element_type=\"widget\" data-e-type=\"widget\" data-widget_type=\"button.default\">\n\t\t\t\t<div class=\"elementor-widget-container\">\n\t\t\t\t\t\t\t\t\t<div class=\"elementor-button-wrapper\">\n\t\t\t\t\t<a class=\"elementor-button elementor-button-link elementor-size-sm\" href=\"https:\/\/25anys.uic.es\/es\/galeria\/\">\n\t\t\t\t\t\t<span class=\"elementor-button-content-wrapper\">\n\t\t\t\t\t\t\t\t\t<span class=\"elementor-button-text\">Ver todas las im\u00e1genes<\/span>\n\t\t\t\t\t<\/span>\n\t\t\t\t\t<\/a>\n\t\t\t\t<\/div>\n\t\t\t\t\t\t\t\t<\/div>\n\t\t\t\t<\/div>\n\t\t\t\t\t<\/div>\n\t\t<\/div>\n\t\t\t\t\t<\/div>\n\t\t<\/section>\n\t\t\t\t<\/div>\n\t\t","protected":false},"excerpt":{"rendered":"<p>El antiguo rector de Universidad Pontificia de la Santa Cruz y actual vicario auxiliar del Opus Dei, Mariano Fazio, imparti\u00f3 el 18 de enero la conferencia titulada \u201cLibertad, verdad y universidad\u201d. Sacerdote, historiador, fil\u00f3sofo y profesor universitario, el ponente habl\u00f3 por la tarde ante m\u00e1s de cuatrocientas personas, en el Aula Magna de la Universidad. Por la ma\u00f1ana, Fazio tuvo la oportunidad de conocer los dos campus de UIC Barcelona.<\/p>\n","protected":false},"author":4,"featured_media":5282,"comment_status":"closed","ping_status":"closed","sticky":false,"template":"","format":"standard","meta":{"om_disable_all_campaigns":false,"_monsterinsights_skip_tracking":false,"_monsterinsights_sitenote_active":false,"_monsterinsights_sitenote_note":"","_monsterinsights_sitenote_category":0,"_uf_show_specific_survey":0,"_uf_disable_surveys":false,"footnotes":""},"categories":[106],"tags":[],"class_list":["post-5395","post","type-post","status-publish","format-standard","has-post-thumbnail","hentry","category-noticiasok"],"aioseo_notices":[],"_links":{"self":[{"href":"https:\/\/25anys.uic.es\/es\/wp-json\/wp\/v2\/posts\/5395","targetHints":{"allow":["GET"]}}],"collection":[{"href":"https:\/\/25anys.uic.es\/es\/wp-json\/wp\/v2\/posts"}],"about":[{"href":"https:\/\/25anys.uic.es\/es\/wp-json\/wp\/v2\/types\/post"}],"author":[{"embeddable":true,"href":"https:\/\/25anys.uic.es\/es\/wp-json\/wp\/v2\/users\/4"}],"replies":[{"embeddable":true,"href":"https:\/\/25anys.uic.es\/es\/wp-json\/wp\/v2\/comments?post=5395"}],"version-history":[{"count":1,"href":"https:\/\/25anys.uic.es\/es\/wp-json\/wp\/v2\/posts\/5395\/revisions"}],"predecessor-version":[{"id":5396,"href":"https:\/\/25anys.uic.es\/es\/wp-json\/wp\/v2\/posts\/5395\/revisions\/5396"}],"wp:featuredmedia":[{"embeddable":true,"href":"https:\/\/25anys.uic.es\/es\/wp-json\/wp\/v2\/media\/5282"}],"wp:attachment":[{"href":"https:\/\/25anys.uic.es\/es\/wp-json\/wp\/v2\/media?parent=5395"}],"wp:term":[{"taxonomy":"category","embeddable":true,"href":"https:\/\/25anys.uic.es\/es\/wp-json\/wp\/v2\/categories?post=5395"},{"taxonomy":"post_tag","embeddable":true,"href":"https:\/\/25anys.uic.es\/es\/wp-json\/wp\/v2\/tags?post=5395"}],"curies":[{"name":"wp","href":"https:\/\/api.w.org\/{rel}","templated":true}]}}