{"id":6527,"date":"2023-02-28T10:15:30","date_gmt":"2023-02-28T09:15:30","guid":{"rendered":"https:\/\/25anys.uic.es\/cuo-una-clinica-donde-se-unen-compromiso-social-y-transferencia-del-conocimiento\/"},"modified":"2023-04-18T15:48:44","modified_gmt":"2023-04-18T13:48:44","slug":"cuo-una-clinica-donde-se-unen-compromiso-social-y-transferencia-del-conocimiento","status":"publish","type":"post","link":"https:\/\/25anys.uic.es\/es\/cuo-una-clinica-donde-se-unen-compromiso-social-y-transferencia-del-conocimiento\/","title":{"rendered":"CUO: una cl\u00ednica donde se unen compromiso social y transferencia del conocimiento"},"content":{"rendered":"\t\t<div data-elementor-type=\"wp-post\" data-elementor-id=\"6527\" class=\"elementor elementor-6527 elementor-5560\" data-elementor-post-type=\"post\">\n\t\t\t\t\t\t<section class=\"elementor-section elementor-top-section elementor-element elementor-element-bebb635 elementor-section-boxed elementor-section-height-default elementor-section-height-default parallax_section_no qode_elementor_container_no\" data-id=\"bebb635\" data-element_type=\"section\" data-e-type=\"section\">\n\t\t\t\t\t\t<div class=\"elementor-container elementor-column-gap-default\">\n\t\t\t\t\t<div class=\"elementor-column elementor-col-100 elementor-top-column elementor-element elementor-element-6e1fff4\" data-id=\"6e1fff4\" data-element_type=\"column\" data-e-type=\"column\">\n\t\t\t<div class=\"elementor-widget-wrap elementor-element-populated\">\n\t\t\t\t\t\t<div class=\"elementor-element elementor-element-ee47c3a elementor-widget elementor-widget-text-editor\" data-id=\"ee47c3a\" data-element_type=\"widget\" data-e-type=\"widget\" data-widget_type=\"text-editor.default\">\n\t\t\t\t<div class=\"elementor-widget-container\">\n\t\t\t\t\t\t\t\t\t<p>Hablar de la Facultad de Odontolog\u00eda es hablar tambi\u00e9n de la Cl\u00ednica <a href=\"https:\/\/www.uic.es\/ca\/clinica-universitaria-dodontologia\">Universitaria de Odontolog\u00eda<\/a> (CUO), una parte imprescindible en la formaci\u00f3n integral de los futuros odont\u00f3logos. Se trata de un espacio donde los alumnos, tanto de grado como de posgrados y m\u00e1steres, no solo ponen en pr\u00e1ctica sus conocimientos te\u00f3ricos y t\u00e9cnicos, sino que tambi\u00e9n tienen la <b>oportunidad de formarse en la vertiente m\u00e1s humana del odont\u00f3logo<\/b>, centrando la atenci\u00f3n en el paciente como persona.<\/p>\n<p>Ubicada en el Campus Sant Cugat, la CUO dispone de 88 boxes y dispone de las tecnolog\u00edas m\u00e1s innovadoras para ofrecer tratamientos personalizados para cada paciente, desde ni\u00f1os hasta personas adultas. Supervisados por profesores, los alumnos de grado, de posgrado y de m\u00e1ster dise\u00f1an y realizan tratamientos dentro de las diversas especialidades de la salud bucodental.<\/p>\n\t\t\t\t\t\t\t\t<\/div>\n\t\t\t\t<\/div>\n\t\t\t\t<div class=\"elementor-element elementor-element-011b343 elementor-widget elementor-widget-qi_addons_for_elementor_blockquote\" data-id=\"011b343\" data-element_type=\"widget\" data-e-type=\"widget\" data-widget_type=\"qi_addons_for_elementor_blockquote.default\">\n\t\t\t\t<div class=\"elementor-widget-container\">\n\t\t\t\t\t<div class=\"qodef-shortcode qodef-m qodef-qi-blockquote qodef-layout--inline qodef--icon-pack\">\n\t\t\t<h4 class=\"qodef-m-text\">\n\t\t\t\t\t\t\t<span class=\"qodef-m-icon\">\n\t\t\t\t\t<i aria-hidden=\"true\" class=\"fas fa-quote-left\"><\/i>\t\t\t\t<\/span>\n\t\t\t\t\t\tUno de nuestros objetivos prioritarios como universidad es formar a nuestros alumnos con el compromiso de responsabilidad social hacia los colectivos que m\u00e1s lo necesitan\u201d.\t\t<\/h4>\n\t<\/div>\n\t\t\t\t<\/div>\n\t\t\t\t<\/div>\n\t\t\t\t\t<\/div>\n\t\t<\/div>\n\t\t\t\t\t<\/div>\n\t\t<\/section>\n\t\t\t\t<section class=\"elementor-section elementor-top-section elementor-element elementor-element-7d2244c elementor-section-boxed elementor-section-height-default elementor-section-height-default parallax_section_no qode_elementor_container_no\" data-id=\"7d2244c\" data-element_type=\"section\" data-e-type=\"section\">\n\t\t\t\t\t\t<div class=\"elementor-container elementor-column-gap-default\">\n\t\t\t\t\t<div class=\"elementor-column elementor-col-100 elementor-top-column elementor-element elementor-element-f6c8556\" data-id=\"f6c8556\" data-element_type=\"column\" data-e-type=\"column\">\n\t\t\t<div class=\"elementor-widget-wrap elementor-element-populated\">\n\t\t\t\t\t\t<div class=\"elementor-element elementor-element-1b9fb72 elementor-widget elementor-widget-text-editor\" data-id=\"1b9fb72\" data-element_type=\"widget\" data-e-type=\"widget\" data-widget_type=\"text-editor.default\">\n\t\t\t\t<div class=\"elementor-widget-container\">\n\t\t\t\t\t\t\t\t\t<p>Como cl\u00ednica universitaria, la CUO, adem\u00e1s de ser un centro de generaci\u00f3n y transferencia de conocimiento, permite materializar el compromiso social de la Facultad y de la Universidad. Un claro ejemplo es el convenio de colaboraci\u00f3n que se mantiene desde hace dos a\u00f1os con el <strong>programa Invulnerables<\/strong> para tratar los problemas bucodentales de los ni\u00f1os en riesgo de exclusi\u00f3n social, o el <strong>convenio firmado con el Ayuntamiento de Sant Cugat<\/strong> para ofrecer un servicio de revisi\u00f3n bucal para personas usuarias de los servicios sociales con el objetivo de que personas con pocos recursos tengan acceso a los servicios b\u00e1sicos de salud que ofrece la Cl\u00ednica Universitaria de Odontolog\u00eda.<\/p>\n<p>Como explica el Dr. Llu\u00eds Giner, decano de la Facultad de Odontolog\u00eda, \u201cuno de nuestros objetivos prioritarios como universidad es formar a nuestros alumnos con el compromiso de responsabilidad social hacia los colectivos que m\u00e1s lo necesitan\u201d. Por su parte, Josep M. Garc\u00eda-Navas, gerente de la Cl\u00ednica Universitaria de Odontolog\u00eda, a\u00f1ade que \u201ccolaboraciones como las que tenemos con el programa Invulnerables o con el Ayuntamiento de Sant Cugat dan a nuestros alumnos la oportunidad de conocer otras realidades de la odontolog\u00eda y descubrir la importancia del trato con el paciente y el respeto a la persona que hay detr\u00e1s de cada patolog\u00eda dental\u201d.<\/p>\n\t\t\t\t\t\t\t\t<\/div>\n\t\t\t\t<\/div>\n\t\t\t\t\t<\/div>\n\t\t<\/div>\n\t\t\t\t\t<\/div>\n\t\t<\/section>\n\t\t\t\t<section class=\"elementor-section elementor-top-section elementor-element elementor-element-f288ae7 elementor-section-boxed elementor-section-height-default elementor-section-height-default parallax_section_no qode_elementor_container_no\" data-id=\"f288ae7\" data-element_type=\"section\" data-e-type=\"section\">\n\t\t\t\t\t\t<div class=\"elementor-container elementor-column-gap-default\">\n\t\t\t\t\t<div class=\"elementor-column elementor-col-100 elementor-top-column elementor-element elementor-element-8078626\" data-id=\"8078626\" data-element_type=\"column\" data-e-type=\"column\">\n\t\t\t<div class=\"elementor-widget-wrap elementor-element-populated\">\n\t\t\t\t\t\t<div class=\"elementor-element elementor-element-fada5d1 elementor-widget elementor-widget-heading\" data-id=\"fada5d1\" data-element_type=\"widget\" data-e-type=\"widget\" data-widget_type=\"heading.default\">\n\t\t\t\t<div class=\"elementor-widget-container\">\n\t\t\t\t\t<p class=\"elementor-heading-title elementor-size-default\">V\u00eddeo<\/p>\t\t\t\t<\/div>\n\t\t\t\t<\/div>\n\t\t\t\t<div class=\"elementor-element elementor-element-e4a4e73 elementor-widget-divider--view-line elementor-widget elementor-widget-divider\" data-id=\"e4a4e73\" data-element_type=\"widget\" data-e-type=\"widget\" data-widget_type=\"divider.default\">\n\t\t\t\t<div class=\"elementor-widget-container\">\n\t\t\t\t\t\t\t<div class=\"elementor-divider\">\n\t\t\t<span class=\"elementor-divider-separator\">\n\t\t\t\t\t\t<\/span>\n\t\t<\/div>\n\t\t\t\t\t\t<\/div>\n\t\t\t\t<\/div>\n\t\t\t\t<div class=\"elementor-element elementor-element-00aeee3 elementor-widget elementor-widget-bridge_video_box\" data-id=\"00aeee3\" data-element_type=\"widget\" data-e-type=\"widget\" data-widget_type=\"bridge_video_box.default\">\n\t\t\t\t<div class=\"elementor-widget-container\">\n\t\t\t\t\t<div class=\"qode_video_box\">\n\t<a itemprop=\"image\" class=\"qode_video_image\" href=\"https:\/\/www.youtube.com\/watch?v=OtMYTACFb08\" data-rel=\"prettyPhoto\">\n\t\t\t\t\t<img fetchpriority=\"high\" decoding=\"async\" width=\"1148\" height=\"529\" src=\"https:\/\/25anys.uic.es\/wp-content\/uploads\/2023\/02\/innovacio-docent-simulacio-uic-barcelona.jpg\" class=\"attachment-full size-full\" alt=\"Innovaci\u00f3 docent i simulaci\u00f3 a UIC Barcelona\" srcset=\"https:\/\/25anys.uic.es\/wp-content\/uploads\/2023\/02\/innovacio-docent-simulacio-uic-barcelona.jpg 1148w, https:\/\/25anys.uic.es\/wp-content\/uploads\/2023\/02\/innovacio-docent-simulacio-uic-barcelona-300x138.jpg 300w, https:\/\/25anys.uic.es\/wp-content\/uploads\/2023\/02\/innovacio-docent-simulacio-uic-barcelona-1024x472.jpg 1024w, https:\/\/25anys.uic.es\/wp-content\/uploads\/2023\/02\/innovacio-docent-simulacio-uic-barcelona-768x354.jpg 768w, https:\/\/25anys.uic.es\/wp-content\/uploads\/2023\/02\/innovacio-docent-simulacio-uic-barcelona-700x323.jpg 700w\" sizes=\"(max-width: 1148px) 100vw, 1148px\" \/>\t\t\t<span class=\"qode_video_box_button_holder\">\n\t\t\t\t<span class=\"qode_video_box_button\">\n\t\t\t\t\t<span class=\"qode_video_box_button_arrow\">\n\t\t\t\t\t<\/span>\n\t\t\t\t<\/span>\n\t\t\t<\/span>\n\t\t\t<\/a>\n<\/div>\t\t\t\t<\/div>\n\t\t\t\t<\/div>\n\t\t\t\t\t<\/div>\n\t\t<\/div>\n\t\t\t\t\t<\/div>\n\t\t<\/section>\n\t\t\t\t<section class=\"elementor-section elementor-top-section elementor-element elementor-element-39e4fe5 elementor-section-boxed elementor-section-height-default elementor-section-height-default parallax_section_no qode_elementor_container_no\" data-id=\"39e4fe5\" data-element_type=\"section\" data-e-type=\"section\">\n\t\t\t\t\t\t<div class=\"elementor-container elementor-column-gap-default\">\n\t\t\t\t\t<div class=\"elementor-column elementor-col-100 elementor-top-column elementor-element elementor-element-3ea1e13\" data-id=\"3ea1e13\" data-element_type=\"column\" data-e-type=\"column\">\n\t\t\t<div class=\"elementor-widget-wrap elementor-element-populated\">\n\t\t\t\t\t\t<div class=\"elementor-element elementor-element-99ef74b elementor-widget-divider--view-line elementor-widget elementor-widget-divider\" data-id=\"99ef74b\" data-element_type=\"widget\" data-e-type=\"widget\" data-widget_type=\"divider.default\">\n\t\t\t\t<div class=\"elementor-widget-container\">\n\t\t\t\t\t\t\t<div class=\"elementor-divider\">\n\t\t\t<span class=\"elementor-divider-separator\">\n\t\t\t\t\t\t<\/span>\n\t\t<\/div>\n\t\t\t\t\t\t<\/div>\n\t\t\t\t<\/div>\n\t\t\t\t\t<\/div>\n\t\t<\/div>\n\t\t\t\t\t<\/div>\n\t\t<\/section>\n\t\t\t\t<section class=\"elementor-section elementor-top-section elementor-element elementor-element-15460ce elementor-section-full_width elementor-section-height-default elementor-section-height-default parallax_section_no qode_elementor_container_no\" data-id=\"15460ce\" data-element_type=\"section\" data-e-type=\"section\">\n\t\t\t\t\t\t<div class=\"elementor-container elementor-column-gap-narrow\">\n\t\t\t\t\t<div class=\"elementor-column elementor-col-16 elementor-top-column elementor-element elementor-element-71f4cf6\" data-id=\"71f4cf6\" data-element_type=\"column\" data-e-type=\"column\">\n\t\t\t<div class=\"elementor-widget-wrap elementor-element-populated\">\n\t\t\t\t\t\t<div class=\"elementor-element elementor-element-a2337db elementor-align-center elementor-widget elementor-widget-button\" data-id=\"a2337db\" data-element_type=\"widget\" data-e-type=\"widget\" data-widget_type=\"button.default\">\n\t\t\t\t<div class=\"elementor-widget-container\">\n\t\t\t\t\t\t\t\t\t<div class=\"elementor-button-wrapper\">\n\t\t\t\t\t<a class=\"elementor-button elementor-button-link elementor-size-sm\" href=\"https:\/\/25anys.uic.es\/docencia-de-qualitat-internacionalitzacio-recerca-dexcellencia-i-compromis-social-trets-distintius-de-la-facultat-dodontologia\/\">\n\t\t\t\t\t\t<span class=\"elementor-button-content-wrapper\">\n\t\t\t\t\t\t\t\t\t<span class=\"elementor-button-text\">25 a\u00f1os de docencia e investigaci\u00f3n<\/span>\n\t\t\t\t\t<\/span>\n\t\t\t\t\t<\/a>\n\t\t\t\t<\/div>\n\t\t\t\t\t\t\t\t<\/div>\n\t\t\t\t<\/div>\n\t\t\t\t\t<\/div>\n\t\t<\/div>\n\t\t\t\t<div class=\"elementor-column elementor-col-16 elementor-top-column elementor-element elementor-element-292318d\" data-id=\"292318d\" data-element_type=\"column\" data-e-type=\"column\">\n\t\t\t<div class=\"elementor-widget-wrap elementor-element-populated\">\n\t\t\t\t\t\t<div class=\"elementor-element elementor-element-dd5b4f7 elementor-align-center elementor-widget elementor-widget-button\" data-id=\"dd5b4f7\" data-element_type=\"widget\" data-e-type=\"widget\" data-widget_type=\"button.default\">\n\t\t\t\t<div class=\"elementor-widget-container\">\n\t\t\t\t\t\t\t\t\t<div class=\"elementor-button-wrapper\">\n\t\t\t\t\t<a class=\"elementor-button elementor-button-link elementor-size-sm\" href=\"https:\/\/25anys.uic.es\/el-dr-lluis-giner-dega-de-la-facultat-dodontologia-repassa-els-25-anys-dels-estudis-dodontologia-a-uic-barcelona\/\">\n\t\t\t\t\t\t<span class=\"elementor-button-content-wrapper\">\n\t\t\t\t\t\t\t\t\t<span class=\"elementor-button-text\">Entrevista al Dr. Giner<\/span>\n\t\t\t\t\t<\/span>\n\t\t\t\t\t<\/a>\n\t\t\t\t<\/div>\n\t\t\t\t\t\t\t\t<\/div>\n\t\t\t\t<\/div>\n\t\t\t\t\t<\/div>\n\t\t<\/div>\n\t\t\t\t<div class=\"elementor-column elementor-col-16 elementor-top-column elementor-element elementor-element-5629137\" data-id=\"5629137\" data-element_type=\"column\" data-e-type=\"column\">\n\t\t\t<div class=\"elementor-widget-wrap elementor-element-populated\">\n\t\t\t\t\t\t<div class=\"elementor-element elementor-element-b3b96a8 elementor-align-center elementor-widget elementor-widget-button\" data-id=\"b3b96a8\" data-element_type=\"widget\" data-e-type=\"widget\" data-widget_type=\"button.default\">\n\t\t\t\t<div class=\"elementor-widget-container\">\n\t\t\t\t\t\t\t\t\t<div class=\"elementor-button-wrapper\">\n\t\t\t\t\t<a class=\"elementor-button elementor-button-link elementor-size-sm\" href=\"https:\/\/25anys.uic.es\/mes-de-120-persones-de-la-facultat-participen-en-el-x-concurs-fotografic-de-santa-apollonia\/\">\n\t\t\t\t\t\t<span class=\"elementor-button-content-wrapper\">\n\t\t\t\t\t\t\t\t\t<span class=\"elementor-button-text\">Concurso Santa Apolonia<\/span>\n\t\t\t\t\t<\/span>\n\t\t\t\t\t<\/a>\n\t\t\t\t<\/div>\n\t\t\t\t\t\t\t\t<\/div>\n\t\t\t\t<\/div>\n\t\t\t\t\t<\/div>\n\t\t<\/div>\n\t\t\t\t<div class=\"elementor-column elementor-col-16 elementor-top-column elementor-element elementor-element-2ab2bb5\" data-id=\"2ab2bb5\" data-element_type=\"column\" data-e-type=\"column\">\n\t\t\t<div class=\"elementor-widget-wrap elementor-element-populated\">\n\t\t\t\t\t\t<div class=\"elementor-element elementor-element-6267e82 elementor-align-center elementor-widget elementor-widget-button\" data-id=\"6267e82\" data-element_type=\"widget\" data-e-type=\"widget\" data-widget_type=\"button.default\">\n\t\t\t\t<div class=\"elementor-widget-container\">\n\t\t\t\t\t\t\t\t\t<div class=\"elementor-button-wrapper\">\n\t\t\t\t\t<a class=\"elementor-button elementor-button-link elementor-size-sm\" href=\"https:\/\/25anys.uic.es\/es-constitueix-el-grup-de-recerca-scoi-study-and-control-of-oral-infections-liderat-pel-dr-conrado-aparicio\/\">\n\t\t\t\t\t\t<span class=\"elementor-button-content-wrapper\">\n\t\t\t\t\t\t\t\t\t<span class=\"elementor-button-text\">Grupo de investigaci\u00f3n SCOI<\/span>\n\t\t\t\t\t<\/span>\n\t\t\t\t\t<\/a>\n\t\t\t\t<\/div>\n\t\t\t\t\t\t\t\t<\/div>\n\t\t\t\t<\/div>\n\t\t\t\t\t<\/div>\n\t\t<\/div>\n\t\t\t\t<div class=\"elementor-column elementor-col-16 elementor-top-column elementor-element elementor-element-51d9a15\" data-id=\"51d9a15\" data-element_type=\"column\" data-e-type=\"column\">\n\t\t\t<div class=\"elementor-widget-wrap elementor-element-populated\">\n\t\t\t\t\t\t<div class=\"elementor-element elementor-element-9201dcb elementor-align-center elementor-widget elementor-widget-button\" data-id=\"9201dcb\" data-element_type=\"widget\" data-e-type=\"widget\" data-widget_type=\"button.default\">\n\t\t\t\t<div class=\"elementor-widget-container\">\n\t\t\t\t\t\t\t\t\t<div class=\"elementor-button-wrapper\">\n\t\t\t\t\t<a class=\"elementor-button elementor-button-link elementor-size-sm\" href=\"https:\/\/25anys.uic.es\/es\/el-31-de-las-catedras-de-empresa-de-la-universidad-son-del-ambito-de-la-odontologia\/\">\n\t\t\t\t\t\t<span class=\"elementor-button-content-wrapper\">\n\t\t\t\t\t\t\t\t\t<span class=\"elementor-button-text\">Cinco c\u00e1tedras de empresa<\/span>\n\t\t\t\t\t<\/span>\n\t\t\t\t\t<\/a>\n\t\t\t\t<\/div>\n\t\t\t\t\t\t\t\t<\/div>\n\t\t\t\t<\/div>\n\t\t\t\t\t<\/div>\n\t\t<\/div>\n\t\t\t\t<div class=\"elementor-column elementor-col-16 elementor-top-column elementor-element elementor-element-b838783\" data-id=\"b838783\" data-element_type=\"column\" data-e-type=\"column\">\n\t\t\t<div class=\"elementor-widget-wrap elementor-element-populated\">\n\t\t\t\t\t\t<div class=\"elementor-element elementor-element-0645fb3 elementor-align-center elementor-widget elementor-widget-button\" data-id=\"0645fb3\" data-element_type=\"widget\" data-e-type=\"widget\" data-widget_type=\"button.default\">\n\t\t\t\t<div class=\"elementor-widget-container\">\n\t\t\t\t\t\t\t\t\t<div class=\"elementor-button-wrapper\">\n\t\t\t\t\t<a class=\"elementor-button elementor-button-link elementor-size-sm\" href=\"https:\/\/25anys.uic.es\/es\/odontologia-en-el-ranking-of-the-world-scientists-worlds-top-2-scientists\/\">\n\t\t\t\t\t\t<span class=\"elementor-button-content-wrapper\">\n\t\t\t\t\t\t\t\t\t<span class=\"elementor-button-text\">Ranking of the World Scientists<\/span>\n\t\t\t\t\t<\/span>\n\t\t\t\t\t<\/a>\n\t\t\t\t<\/div>\n\t\t\t\t\t\t\t\t<\/div>\n\t\t\t\t<\/div>\n\t\t\t\t\t<\/div>\n\t\t<\/div>\n\t\t\t\t\t<\/div>\n\t\t<\/section>\n\t\t\t\t<\/div>\n\t\t","protected":false},"excerpt":{"rendered":"<p>Hablar de la Facultad de Odontolog\u00eda es hablar tambi\u00e9n de la Cl\u00ednica Universitaria de Odontolog\u00eda (CUO), una parte imprescindible en la formaci\u00f3n integral de los futuros odont\u00f3logos. Se trata de un espacio donde los alumnos, tanto de grado como de posgrados y m\u00e1steres, no solo ponen en pr\u00e1ctica sus conocimientos te\u00f3ricos y t\u00e9cnicos, sino que tambi\u00e9n tienen la oportunidad de formarse en la vertiente m\u00e1s humana del odont\u00f3logo, centrando la atenci\u00f3n en el paciente como persona. <\/p>\n","protected":false},"author":4,"featured_media":5565,"comment_status":"closed","ping_status":"closed","sticky":false,"template":"","format":"standard","meta":{"om_disable_all_campaigns":false,"_monsterinsights_skip_tracking":false,"_monsterinsights_sitenote_active":false,"_monsterinsights_sitenote_note":"","_monsterinsights_sitenote_category":0,"_uf_show_specific_survey":0,"_uf_disable_surveys":false,"footnotes":""},"categories":[106],"tags":[],"class_list":["post-6527","post","type-post","status-publish","format-standard","has-post-thumbnail","hentry","category-noticiasok"],"aioseo_notices":[],"_links":{"self":[{"href":"https:\/\/25anys.uic.es\/es\/wp-json\/wp\/v2\/posts\/6527","targetHints":{"allow":["GET"]}}],"collection":[{"href":"https:\/\/25anys.uic.es\/es\/wp-json\/wp\/v2\/posts"}],"about":[{"href":"https:\/\/25anys.uic.es\/es\/wp-json\/wp\/v2\/types\/post"}],"author":[{"embeddable":true,"href":"https:\/\/25anys.uic.es\/es\/wp-json\/wp\/v2\/users\/4"}],"replies":[{"embeddable":true,"href":"https:\/\/25anys.uic.es\/es\/wp-json\/wp\/v2\/comments?post=6527"}],"version-history":[{"count":1,"href":"https:\/\/25anys.uic.es\/es\/wp-json\/wp\/v2\/posts\/6527\/revisions"}],"predecessor-version":[{"id":6528,"href":"https:\/\/25anys.uic.es\/es\/wp-json\/wp\/v2\/posts\/6527\/revisions\/6528"}],"wp:featuredmedia":[{"embeddable":true,"href":"https:\/\/25anys.uic.es\/es\/wp-json\/wp\/v2\/media\/5565"}],"wp:attachment":[{"href":"https:\/\/25anys.uic.es\/es\/wp-json\/wp\/v2\/media?parent=6527"}],"wp:term":[{"taxonomy":"category","embeddable":true,"href":"https:\/\/25anys.uic.es\/es\/wp-json\/wp\/v2\/categories?post=6527"},{"taxonomy":"post_tag","embeddable":true,"href":"https:\/\/25anys.uic.es\/es\/wp-json\/wp\/v2\/tags?post=6527"}],"curies":[{"name":"wp","href":"https:\/\/api.w.org\/{rel}","templated":true}]}}