{"id":6529,"date":"2023-02-28T10:10:14","date_gmt":"2023-02-28T09:10:14","guid":{"rendered":"https:\/\/25anys.uic.es\/se-constituye-el-grupo-de-investigacion-scoi-liderado-por-el-dr-conrado-aparicio\/"},"modified":"2023-04-18T15:52:07","modified_gmt":"2023-04-18T13:52:07","slug":"se-constituye-el-grupo-de-investigacion-scoi-liderado-por-el-dr-conrado-aparicio","status":"publish","type":"post","link":"https:\/\/25anys.uic.es\/es\/se-constituye-el-grupo-de-investigacion-scoi-liderado-por-el-dr-conrado-aparicio\/","title":{"rendered":"Se constituye el grupo de investigaci\u00f3n SCOI, liderado por el Dr. Conrado Aparicio"},"content":{"rendered":"\t\t<div data-elementor-type=\"wp-post\" data-elementor-id=\"6529\" class=\"elementor elementor-6529 elementor-5513\" data-elementor-post-type=\"post\">\n\t\t\t\t\t\t<section class=\"elementor-section elementor-top-section elementor-element elementor-element-6982e82 elementor-section-full_width elementor-section-height-default elementor-section-height-default parallax_section_no qode_elementor_container_no\" data-id=\"6982e82\" data-element_type=\"section\" data-e-type=\"section\">\n\t\t\t\t\t\t<div class=\"elementor-container elementor-column-gap-narrow\">\n\t\t\t\t\t<div class=\"elementor-column elementor-col-25 elementor-top-column elementor-element elementor-element-220cb43\" data-id=\"220cb43\" data-element_type=\"column\" data-e-type=\"column\">\n\t\t\t<div class=\"elementor-widget-wrap elementor-element-populated\">\n\t\t\t\t\t\t<div class=\"elementor-element elementor-element-d581b33 elementor-align-center elementor-widget elementor-widget-button\" data-id=\"d581b33\" data-element_type=\"widget\" data-e-type=\"widget\" data-widget_type=\"button.default\">\n\t\t\t\t<div class=\"elementor-widget-container\">\n\t\t\t\t\t\t\t\t\t<div class=\"elementor-button-wrapper\">\n\t\t\t\t\t<a class=\"elementor-button elementor-button-link elementor-size-sm\" href=\"https:\/\/25anys.uic.es\/docencia-de-qualitat-internacionalitzacio-recerca-dexcellencia-i-compromis-social-trets-distintius-de-la-facultat-dodontologia\/\">\n\t\t\t\t\t\t<span class=\"elementor-button-content-wrapper\">\n\t\t\t\t\t\t\t\t\t<span class=\"elementor-button-text\">25 a\u00f1os de docencia e investigaci\u00f3n<\/span>\n\t\t\t\t\t<\/span>\n\t\t\t\t\t<\/a>\n\t\t\t\t<\/div>\n\t\t\t\t\t\t\t\t<\/div>\n\t\t\t\t<\/div>\n\t\t\t\t\t<\/div>\n\t\t<\/div>\n\t\t\t\t<div class=\"elementor-column elementor-col-25 elementor-top-column elementor-element elementor-element-a598aea\" data-id=\"a598aea\" data-element_type=\"column\" data-e-type=\"column\">\n\t\t\t<div class=\"elementor-widget-wrap elementor-element-populated\">\n\t\t\t\t\t\t<div class=\"elementor-element elementor-element-a03887a elementor-align-center elementor-widget elementor-widget-button\" data-id=\"a03887a\" data-element_type=\"widget\" data-e-type=\"widget\" data-widget_type=\"button.default\">\n\t\t\t\t<div class=\"elementor-widget-container\">\n\t\t\t\t\t\t\t\t\t<div class=\"elementor-button-wrapper\">\n\t\t\t\t\t<a class=\"elementor-button elementor-button-link elementor-size-sm\" href=\"http:\/\/nolink\">\n\t\t\t\t\t\t<span class=\"elementor-button-content-wrapper\">\n\t\t\t\t\t\t\t\t\t<span class=\"elementor-button-text\">SCOI: Study and Control of Oral Infections<\/span>\n\t\t\t\t\t<\/span>\n\t\t\t\t\t<\/a>\n\t\t\t\t<\/div>\n\t\t\t\t\t\t\t\t<\/div>\n\t\t\t\t<\/div>\n\t\t\t\t\t<\/div>\n\t\t<\/div>\n\t\t\t\t<div class=\"elementor-column elementor-col-25 elementor-top-column elementor-element elementor-element-be64de5\" data-id=\"be64de5\" data-element_type=\"column\" data-e-type=\"column\">\n\t\t\t<div class=\"elementor-widget-wrap elementor-element-populated\">\n\t\t\t\t\t\t<div class=\"elementor-element elementor-element-d51bff2 elementor-align-center elementor-widget elementor-widget-button\" data-id=\"d51bff2\" data-element_type=\"widget\" data-e-type=\"widget\" data-widget_type=\"button.default\">\n\t\t\t\t<div class=\"elementor-widget-container\">\n\t\t\t\t\t\t\t\t\t<div class=\"elementor-button-wrapper\">\n\t\t\t\t\t<a class=\"elementor-button elementor-button-link elementor-size-sm\" href=\"https:\/\/25anys.uic.es\/es\/odontologia-en-el-ranking-of-the-world-scientists-worlds-top-2-scientists\/\">\n\t\t\t\t\t\t<span class=\"elementor-button-content-wrapper\">\n\t\t\t\t\t\t\t\t\t<span class=\"elementor-button-text\">Ranking of the World Scientists<\/span>\n\t\t\t\t\t<\/span>\n\t\t\t\t\t<\/a>\n\t\t\t\t<\/div>\n\t\t\t\t\t\t\t\t<\/div>\n\t\t\t\t<\/div>\n\t\t\t\t\t<\/div>\n\t\t<\/div>\n\t\t\t\t<div class=\"elementor-column elementor-col-25 elementor-top-column elementor-element elementor-element-67c724b\" data-id=\"67c724b\" data-element_type=\"column\" data-e-type=\"column\">\n\t\t\t<div class=\"elementor-widget-wrap elementor-element-populated\">\n\t\t\t\t\t\t<div class=\"elementor-element elementor-element-b702dcf elementor-align-center elementor-widget elementor-widget-button\" data-id=\"b702dcf\" data-element_type=\"widget\" data-e-type=\"widget\" data-widget_type=\"button.default\">\n\t\t\t\t<div class=\"elementor-widget-container\">\n\t\t\t\t\t\t\t\t\t<div class=\"elementor-button-wrapper\">\n\t\t\t\t\t<a class=\"elementor-button elementor-button-link elementor-size-sm\" href=\"https:\/\/25anys.uic.es\/es\/el-31-de-las-catedras-de-empresa-de-la-universidad-son-del-ambito-de-la-odontologia\/\">\n\t\t\t\t\t\t<span class=\"elementor-button-content-wrapper\">\n\t\t\t\t\t\t\t\t\t<span class=\"elementor-button-text\">C\u00e1tedras de empresa de Odontolog\u00eda<\/span>\n\t\t\t\t\t<\/span>\n\t\t\t\t\t<\/a>\n\t\t\t\t<\/div>\n\t\t\t\t\t\t\t\t<\/div>\n\t\t\t\t<\/div>\n\t\t\t\t\t<\/div>\n\t\t<\/div>\n\t\t\t\t\t<\/div>\n\t\t<\/section>\n\t\t\t\t<section class=\"elementor-section elementor-top-section elementor-element elementor-element-70c8d1f elementor-section-boxed elementor-section-height-default elementor-section-height-default parallax_section_no qode_elementor_container_no\" data-id=\"70c8d1f\" data-element_type=\"section\" data-e-type=\"section\">\n\t\t\t\t\t\t<div class=\"elementor-container elementor-column-gap-default\">\n\t\t\t\t\t<div class=\"elementor-column elementor-col-100 elementor-top-column elementor-element elementor-element-a35e7c5\" data-id=\"a35e7c5\" data-element_type=\"column\" data-e-type=\"column\">\n\t\t\t<div class=\"elementor-widget-wrap elementor-element-populated\">\n\t\t\t\t\t\t<div class=\"elementor-element elementor-element-dff9121 elementor-widget-divider--view-line elementor-widget elementor-widget-divider\" data-id=\"dff9121\" data-element_type=\"widget\" data-e-type=\"widget\" data-widget_type=\"divider.default\">\n\t\t\t\t<div class=\"elementor-widget-container\">\n\t\t\t\t\t\t\t<div class=\"elementor-divider\">\n\t\t\t<span class=\"elementor-divider-separator\">\n\t\t\t\t\t\t<\/span>\n\t\t<\/div>\n\t\t\t\t\t\t<\/div>\n\t\t\t\t<\/div>\n\t\t\t\t\t<\/div>\n\t\t<\/div>\n\t\t\t\t\t<\/div>\n\t\t<\/section>\n\t\t\t\t<section class=\"elementor-section elementor-top-section elementor-element elementor-element-bebb635 elementor-section-boxed elementor-section-height-default elementor-section-height-default parallax_section_no qode_elementor_container_no\" data-id=\"bebb635\" data-element_type=\"section\" data-e-type=\"section\">\n\t\t\t\t\t\t<div class=\"elementor-container elementor-column-gap-default\">\n\t\t\t\t\t<div class=\"elementor-column elementor-col-100 elementor-top-column elementor-element elementor-element-6e1fff4\" data-id=\"6e1fff4\" data-element_type=\"column\" data-e-type=\"column\">\n\t\t\t<div class=\"elementor-widget-wrap elementor-element-populated\">\n\t\t\t\t\t\t<div class=\"elementor-element elementor-element-ee47c3a elementor-widget elementor-widget-text-editor\" data-id=\"ee47c3a\" data-element_type=\"widget\" data-e-type=\"widget\" data-widget_type=\"text-editor.default\">\n\t\t\t\t<div class=\"elementor-widget-container\">\n\t\t\t\t\t\t\t\t\t<p>Conrado Aparicio, experto en Ciencia e Ingenier\u00eda de Biomateriales Dentales, junto con un equipo de investigadores de varias \u00e1reas de la Odontolog\u00eda, dirige este <b>nuevo grupo de investigaci\u00f3n centrado en dise\u00f1ar y desarrollar biomateriales avanzados<\/b>, innovadores y efectivos que contribuyan a la mejora de la prevenci\u00f3n y el tratamiento de las infecciones bucales.<\/p>\n<p>Las infecciones bucales est\u00e1n en la vanguardia de las enfermedades infecciosas del mundo, con una incidencia notablemente alta y potencialmente grave, que presenta serias consecuencias para la salud general y bucal de las personas a lo largo de su vida. Para desarrollar soluciones que permitan prevenir estas patolog\u00edas, detectar los factores de riesgo y estudiar su asociaci\u00f3n con enfermedades sist\u00e9micas, el grupo liderado por el Dr. Conrado Aparicio est\u00e1 compuesto por odont\u00f3logos especializados en periodoncia, ortodoncia, odontopediatr\u00eda y operativos, as\u00ed como ingenieros biom\u00e9dicos y estudiantes de doctorado.<\/p>\n\t\t\t\t\t\t\t\t<\/div>\n\t\t\t\t<\/div>\n\t\t\t\t\t<\/div>\n\t\t<\/div>\n\t\t\t\t\t<\/div>\n\t\t<\/section>\n\t\t\t\t<section class=\"elementor-section elementor-inner-section elementor-element elementor-element-700acbd elementor-section-boxed elementor-section-height-default elementor-section-height-default parallax_section_no qode_elementor_container_no\" data-id=\"700acbd\" data-element_type=\"section\" data-e-type=\"section\">\n\t\t\t\t\t\t<div class=\"elementor-container elementor-column-gap-default\">\n\t\t\t\t\t<div class=\"elementor-column elementor-col-50 elementor-inner-column elementor-element elementor-element-66f191c\" data-id=\"66f191c\" data-element_type=\"column\" data-e-type=\"column\">\n\t\t\t<div class=\"elementor-widget-wrap elementor-element-populated\">\n\t\t\t\t\t\t<div class=\"elementor-element elementor-element-fcfe4dd elementor-widget elementor-widget-qi_addons_for_elementor_blockquote\" data-id=\"fcfe4dd\" data-element_type=\"widget\" data-e-type=\"widget\" data-widget_type=\"qi_addons_for_elementor_blockquote.default\">\n\t\t\t\t<div class=\"elementor-widget-container\">\n\t\t\t\t\t<div class=\"qodef-shortcode qodef-m qodef-qi-blockquote qodef-layout--inline qodef--icon-pack\">\n\t\t\t<h4 class=\"qodef-m-text\">\n\t\t\t\t\t\t\t<span class=\"qodef-m-icon\">\n\t\t\t\t\t<i aria-hidden=\"true\" class=\"fas fa-quote-right\"><\/i>\t\t\t\t<\/span>\n\t\t\t\t\t\tSCOI est\u00e1 compuesto por odont\u00f3logos especializados en periodoncia, ortodoncia, odontopediatr\u00eda y operativos, as\u00ed como ingenieros biom\u00e9dicos y estudiantes de doctorado.\t\t<\/h4>\n\t<\/div>\n\t\t\t\t<\/div>\n\t\t\t\t<\/div>\n\t\t\t\t\t<\/div>\n\t\t<\/div>\n\t\t\t\t<div class=\"elementor-column elementor-col-50 elementor-inner-column elementor-element elementor-element-f187ecd\" data-id=\"f187ecd\" data-element_type=\"column\" data-e-type=\"column\">\n\t\t\t<div class=\"elementor-widget-wrap elementor-element-populated\">\n\t\t\t\t\t\t<div class=\"elementor-element elementor-element-db599ba elementor-widget elementor-widget-qi_addons_for_elementor_blockquote\" data-id=\"db599ba\" data-element_type=\"widget\" data-e-type=\"widget\" data-widget_type=\"qi_addons_for_elementor_blockquote.default\">\n\t\t\t\t<div class=\"elementor-widget-container\">\n\t\t\t\t\t<div class=\"qodef-shortcode qodef-m qodef-qi-blockquote qodef-layout--inline qodef--icon-pack\">\n\t\t\t<h4 class=\"qodef-m-text\">\n\t\t\t\t\t\t\t<span class=\"qodef-m-icon\">\n\t\t\t\t\t<i aria-hidden=\"true\" class=\"fas fa-quote-right\"><\/i>\t\t\t\t<\/span>\n\t\t\t\t\t\tEl Dr. Aparicio forma parte del Instituto de Bioingenier\u00eda de Catalu\u00f1a (IBEC) como investigador asociado y es miembro del Colegio de Expertos del Instituto Americano de Ingenier\u00eda M\u00e9dica y Biol\u00f3gica (IAEMB).\t\t<\/h4>\n\t<\/div>\n\t\t\t\t<\/div>\n\t\t\t\t<\/div>\n\t\t\t\t\t<\/div>\n\t\t<\/div>\n\t\t\t\t\t<\/div>\n\t\t<\/section>\n\t\t\t\t<section class=\"elementor-section elementor-top-section elementor-element elementor-element-70863f2 elementor-section-boxed elementor-section-height-default elementor-section-height-default parallax_section_no qode_elementor_container_no\" data-id=\"70863f2\" data-element_type=\"section\" data-e-type=\"section\">\n\t\t\t\t\t\t<div class=\"elementor-container elementor-column-gap-default\">\n\t\t\t\t\t<div class=\"elementor-column elementor-col-100 elementor-top-column elementor-element elementor-element-71ef6e7\" data-id=\"71ef6e7\" data-element_type=\"column\" data-e-type=\"column\">\n\t\t\t<div class=\"elementor-widget-wrap elementor-element-populated\">\n\t\t\t\t\t\t<div class=\"elementor-element elementor-element-b8a6637 elementor-widget elementor-widget-text-editor\" data-id=\"b8a6637\" data-element_type=\"widget\" data-e-type=\"widget\" data-widget_type=\"text-editor.default\">\n\t\t\t\t<div class=\"elementor-widget-container\">\n\t\t\t\t\t\t\t\t\t<p>Aparicio se incorpor\u00f3 en 2021 a la Facultad de Odontolog\u00eda de UIC Barcelona en el marco del <a href=\"https:\/\/www.uic.es\/ca\/noticia\/el-bist-i-uic-barcelona-incorporen-sis-investigadors-traves-del-programa-fba-fellows-i\" data-cke-saved-href=\"https:\/\/www.uic.es\/ca\/noticia\/el-bist-i-uic-barcelona-incorporen-sis-investigadors-traves-del-programa-fba-fellows-i\">programa FBA Fellows<\/a> impulsado por la <a href=\"https:\/\/fundacioboschaymerich.org\/\" data-cke-saved-href=\"https:\/\/fundacioboschaymerich.org\/\">Fundaci\u00f3n Bosch Aymerich<\/a>. Fruto de este programa, el Dr. Aparicio forma parte del Instituto de Bioingenier\u00eda de Catalu\u00f1a (IBEC) como investigador asociado y, adem\u00e1s, es miembro del Colegio de Expertos del Instituto Americano de Ingenier\u00eda M\u00e9dica y Biol\u00f3gica (IAEMB). <b>El curso pasado Conrado Aparicio tom\u00f3 posesi\u00f3n de la plaza de catedr\u00e1tico<\/b> de la Facultad de Odontolog\u00eda en el \u00e1rea de Investigaci\u00f3n, y obtuvo as\u00ed el m\u00e1ximo reconocimiento acad\u00e9mico dentro del \u00e1mbito universitario.<\/p>\n\t\t\t\t\t\t\t\t<\/div>\n\t\t\t\t<\/div>\n\t\t\t\t\t<\/div>\n\t\t<\/div>\n\t\t\t\t\t<\/div>\n\t\t<\/section>\n\t\t\t\t<section class=\"elementor-section elementor-top-section elementor-element elementor-element-39e4fe5 elementor-section-boxed elementor-section-height-default elementor-section-height-default parallax_section_no qode_elementor_container_no\" data-id=\"39e4fe5\" data-element_type=\"section\" data-e-type=\"section\">\n\t\t\t\t\t\t<div class=\"elementor-container elementor-column-gap-default\">\n\t\t\t\t\t<div class=\"elementor-column elementor-col-100 elementor-top-column elementor-element elementor-element-3ea1e13\" data-id=\"3ea1e13\" data-element_type=\"column\" data-e-type=\"column\">\n\t\t\t<div class=\"elementor-widget-wrap elementor-element-populated\">\n\t\t\t\t\t\t<div class=\"elementor-element elementor-element-99ef74b elementor-widget-divider--view-line elementor-widget elementor-widget-divider\" data-id=\"99ef74b\" data-element_type=\"widget\" data-e-type=\"widget\" data-widget_type=\"divider.default\">\n\t\t\t\t<div class=\"elementor-widget-container\">\n\t\t\t\t\t\t\t<div class=\"elementor-divider\">\n\t\t\t<span class=\"elementor-divider-separator\">\n\t\t\t\t\t\t<\/span>\n\t\t<\/div>\n\t\t\t\t\t\t<\/div>\n\t\t\t\t<\/div>\n\t\t\t\t\t<\/div>\n\t\t<\/div>\n\t\t\t\t\t<\/div>\n\t\t<\/section>\n\t\t\t\t<section class=\"elementor-section elementor-top-section elementor-element elementor-element-15460ce elementor-section-full_width elementor-section-height-default elementor-section-height-default parallax_section_no qode_elementor_container_no\" data-id=\"15460ce\" data-element_type=\"section\" data-e-type=\"section\">\n\t\t\t\t\t\t<div class=\"elementor-container elementor-column-gap-narrow\">\n\t\t\t\t\t<div class=\"elementor-column elementor-col-33 elementor-top-column elementor-element elementor-element-71f4cf6\" data-id=\"71f4cf6\" data-element_type=\"column\" data-e-type=\"column\">\n\t\t\t<div class=\"elementor-widget-wrap elementor-element-populated\">\n\t\t\t\t\t\t<div class=\"elementor-element elementor-element-a2337db elementor-align-center elementor-widget elementor-widget-button\" data-id=\"a2337db\" data-element_type=\"widget\" data-e-type=\"widget\" data-widget_type=\"button.default\">\n\t\t\t\t<div class=\"elementor-widget-container\">\n\t\t\t\t\t\t\t\t\t<div class=\"elementor-button-wrapper\">\n\t\t\t\t\t<a class=\"elementor-button elementor-button-link elementor-size-sm\" href=\"https:\/\/25anys.uic.es\/docencia-de-qualitat-internacionalitzacio-recerca-dexcellencia-i-compromis-social-trets-distintius-de-la-facultat-dodontologia\/\">\n\t\t\t\t\t\t<span class=\"elementor-button-content-wrapper\">\n\t\t\t\t\t\t\t\t\t<span class=\"elementor-button-text\">25 a\u00f1os de docencia e investigaci\u00f3n<\/span>\n\t\t\t\t\t<\/span>\n\t\t\t\t\t<\/a>\n\t\t\t\t<\/div>\n\t\t\t\t\t\t\t\t<\/div>\n\t\t\t\t<\/div>\n\t\t\t\t\t<\/div>\n\t\t<\/div>\n\t\t\t\t<div class=\"elementor-column elementor-col-33 elementor-top-column elementor-element elementor-element-51d9a15\" data-id=\"51d9a15\" data-element_type=\"column\" data-e-type=\"column\">\n\t\t\t<div class=\"elementor-widget-wrap elementor-element-populated\">\n\t\t\t\t\t\t<div class=\"elementor-element elementor-element-9201dcb elementor-align-center elementor-widget elementor-widget-button\" data-id=\"9201dcb\" data-element_type=\"widget\" data-e-type=\"widget\" data-widget_type=\"button.default\">\n\t\t\t\t<div class=\"elementor-widget-container\">\n\t\t\t\t\t\t\t\t\t<div class=\"elementor-button-wrapper\">\n\t\t\t\t\t<a class=\"elementor-button elementor-button-link elementor-size-sm\" href=\"https:\/\/25anys.uic.es\/es\/el-31-de-las-catedras-de-empresa-de-la-universidad-son-del-ambito-de-la-odontologia\/\">\n\t\t\t\t\t\t<span class=\"elementor-button-content-wrapper\">\n\t\t\t\t\t\t\t\t\t<span class=\"elementor-button-text\">C\u00e1tedras de empresa de Odontolog\u00eda<\/span>\n\t\t\t\t\t<\/span>\n\t\t\t\t\t<\/a>\n\t\t\t\t<\/div>\n\t\t\t\t\t\t\t\t<\/div>\n\t\t\t\t<\/div>\n\t\t\t\t\t<\/div>\n\t\t<\/div>\n\t\t\t\t<div class=\"elementor-column elementor-col-33 elementor-top-column elementor-element elementor-element-9ecde08\" data-id=\"9ecde08\" data-element_type=\"column\" data-e-type=\"column\">\n\t\t\t<div class=\"elementor-widget-wrap elementor-element-populated\">\n\t\t\t\t\t\t<div class=\"elementor-element elementor-element-f61fd5f elementor-align-center elementor-widget elementor-widget-button\" data-id=\"f61fd5f\" data-element_type=\"widget\" data-e-type=\"widget\" data-widget_type=\"button.default\">\n\t\t\t\t<div class=\"elementor-widget-container\">\n\t\t\t\t\t\t\t\t\t<div class=\"elementor-button-wrapper\">\n\t\t\t\t\t<a class=\"elementor-button elementor-button-link elementor-size-sm\" href=\"https:\/\/25anys.uic.es\/es\/odontologia-en-el-ranking-of-the-world-scientists-worlds-top-2-scientists\/\">\n\t\t\t\t\t\t<span class=\"elementor-button-content-wrapper\">\n\t\t\t\t\t\t\t\t\t<span class=\"elementor-button-text\">Ranking of the World Scientists<\/span>\n\t\t\t\t\t<\/span>\n\t\t\t\t\t<\/a>\n\t\t\t\t<\/div>\n\t\t\t\t\t\t\t\t<\/div>\n\t\t\t\t<\/div>\n\t\t\t\t\t<\/div>\n\t\t<\/div>\n\t\t\t\t\t<\/div>\n\t\t<\/section>\n\t\t\t\t<\/div>\n\t\t","protected":false},"excerpt":{"rendered":"<p>Aparicio, experto en Ciencia e Ingenier\u00eda de Biomateriales Dentales, junto con un equipo de investigadores de varias \u00e1reas de la Odontolog\u00eda, dirige este nuevo grupo de investigaci\u00f3n centrado en dise\u00f1ar y desarrollar biomateriales avanzados, innovadores y efectivos que contribuyan a la mejora de la prevenci\u00f3n y el tratamiento de las infecciones bucales.<\/p>\n","protected":false},"author":4,"featured_media":5638,"comment_status":"closed","ping_status":"closed","sticky":false,"template":"","format":"standard","meta":{"om_disable_all_campaigns":false,"_monsterinsights_skip_tracking":false,"_monsterinsights_sitenote_active":false,"_monsterinsights_sitenote_note":"","_monsterinsights_sitenote_category":0,"_uf_show_specific_survey":0,"_uf_disable_surveys":false,"footnotes":""},"categories":[106],"tags":[],"class_list":["post-6529","post","type-post","status-publish","format-standard","has-post-thumbnail","hentry","category-noticiasok"],"aioseo_notices":[],"_links":{"self":[{"href":"https:\/\/25anys.uic.es\/es\/wp-json\/wp\/v2\/posts\/6529","targetHints":{"allow":["GET"]}}],"collection":[{"href":"https:\/\/25anys.uic.es\/es\/wp-json\/wp\/v2\/posts"}],"about":[{"href":"https:\/\/25anys.uic.es\/es\/wp-json\/wp\/v2\/types\/post"}],"author":[{"embeddable":true,"href":"https:\/\/25anys.uic.es\/es\/wp-json\/wp\/v2\/users\/4"}],"replies":[{"embeddable":true,"href":"https:\/\/25anys.uic.es\/es\/wp-json\/wp\/v2\/comments?post=6529"}],"version-history":[{"count":1,"href":"https:\/\/25anys.uic.es\/es\/wp-json\/wp\/v2\/posts\/6529\/revisions"}],"predecessor-version":[{"id":6530,"href":"https:\/\/25anys.uic.es\/es\/wp-json\/wp\/v2\/posts\/6529\/revisions\/6530"}],"wp:featuredmedia":[{"embeddable":true,"href":"https:\/\/25anys.uic.es\/es\/wp-json\/wp\/v2\/media\/5638"}],"wp:attachment":[{"href":"https:\/\/25anys.uic.es\/es\/wp-json\/wp\/v2\/media?parent=6529"}],"wp:term":[{"taxonomy":"category","embeddable":true,"href":"https:\/\/25anys.uic.es\/es\/wp-json\/wp\/v2\/categories?post=6529"},{"taxonomy":"post_tag","embeddable":true,"href":"https:\/\/25anys.uic.es\/es\/wp-json\/wp\/v2\/tags?post=6529"}],"curies":[{"name":"wp","href":"https:\/\/api.w.org\/{rel}","templated":true}]}}