{"id":6586,"date":"2023-03-07T17:00:51","date_gmt":"2023-03-07T16:00:51","guid":{"rendered":"https:\/\/25anys.uic.es\/entrevistamos-a-la-dra-consuelo-leon-directora-de-la-unidad-de-igualdad-de-uic-barcelona\/"},"modified":"2023-04-19T16:27:16","modified_gmt":"2023-04-19T14:27:16","slug":"entrevistamos-a-la-dra-consuelo-leon-directora-de-la-unidad-de-igualdad-de-uic-barcelona","status":"publish","type":"post","link":"https:\/\/25anys.uic.es\/es\/entrevistamos-a-la-dra-consuelo-leon-directora-de-la-unidad-de-igualdad-de-uic-barcelona\/","title":{"rendered":"Entrevistamos a la Dra. Consuelo Le\u00f3n, directora de la Unidad de Igualdad de UIC Barcelona"},"content":{"rendered":"\t\t<div data-elementor-type=\"wp-post\" data-elementor-id=\"6586\" class=\"elementor elementor-6586 elementor-6238\" data-elementor-post-type=\"post\">\n\t\t\t\t\t\t<section class=\"elementor-section elementor-top-section elementor-element elementor-element-896669b elementor-section-boxed elementor-section-height-default elementor-section-height-default parallax_section_no qode_elementor_container_no\" data-id=\"896669b\" data-element_type=\"section\" data-e-type=\"section\">\n\t\t\t\t\t\t<div class=\"elementor-container elementor-column-gap-default\">\n\t\t\t\t\t<div class=\"elementor-column elementor-col-100 elementor-top-column elementor-element elementor-element-298048b\" data-id=\"298048b\" data-element_type=\"column\" data-e-type=\"column\">\n\t\t\t<div class=\"elementor-widget-wrap elementor-element-populated\">\n\t\t\t\t\t\t<div class=\"elementor-element elementor-element-e7e3d83 elementor-widget elementor-widget-text-editor\" data-id=\"e7e3d83\" data-element_type=\"widget\" data-e-type=\"widget\" data-widget_type=\"text-editor.default\">\n\t\t\t\t<div class=\"elementor-widget-container\">\n\t\t\t\t\t\t\t\t\t<p><strong>1. \u00bfQu\u00e9 es y para qu\u00e9 sirve la Unidad de Igualdad e Inclusi\u00f3n de UIC Barcelona?<\/strong><\/p>\n<p>Es una unidad de servicio que nace del compromiso de trabajar en el fomento y desarrollo de la igualdad de oportunidades de toda la comunidad universitaria. Como oficina, su trabajo es sensibilizar, informar, atender consultas y colaborar en el trabajo en red de otras Unidades de Igualdad del sistema universitario espa\u00f1ol y catal\u00e1n. Estamos situados en el edifico Alfa, en la planta 1, y tambi\u00e9n es posible ponerse en contacto con nosotros a trav\u00e9s <a href=\"https:\/\/www.uic.es\/es\/universidad\/campus\/unidad-de-igualdad\">de nuestra p\u00e1gina web<\/a> y nuestro correo electr\u00f3nico: igualtat@uic.es.<\/p>\n<p><strong>2. \u00bfQu\u00e9 destacar\u00eda de su trabajo reciente al frente de este servicio?<\/strong><\/p>\n<p>Este a\u00f1o, adem\u00e1s de nuestra presencia activa en diferentes comisiones universitarias de \u00e1mbito estatal (CRUE, RUIGEU) y auton\u00f3mico (Xarxa Vives, Comissi\u00f3 Dones i Ci\u00e8ncia), cabe destacar la implantaci\u00f3n del III Plan de igualdad de oportunidades, el seguimiento del Protocolo de acoso y la organizaci\u00f3n de diferentes seminarios web abiertos a toda la comunidad universitaria y al p\u00fablico en general. Con el soporte de Dircom, se ha hecho visible la situaci\u00f3n del talento femenino en nuestra universidad, con ocasi\u00f3n del 8 M y el 11 F. Adem\u00e1s, hemos participado en diferentes estudios como el de Cient\u00edficas en Cifras 2023 del Ministerio de Ciencia e Innovaci\u00f3n, as\u00ed como la edici\u00f3n de un libro y el desarrollo de talleres dirigidos a alumnos en el marco del Pacto de Estado contra la Violencia de G\u00e9nero 2022.<\/p>\n\t\t\t\t\t\t\t\t<\/div>\n\t\t\t\t<\/div>\n\t\t\t\t<div class=\"elementor-element elementor-element-b3ff2cd elementor-widget elementor-widget-qi_addons_for_elementor_blockquote\" data-id=\"b3ff2cd\" data-element_type=\"widget\" data-e-type=\"widget\" data-widget_type=\"qi_addons_for_elementor_blockquote.default\">\n\t\t\t\t<div class=\"elementor-widget-container\">\n\t\t\t\t\t<div class=\"qodef-shortcode qodef-m qodef-qi-blockquote qodef-layout--inline qodef--icon-pack\">\n\t\t\t<h4 class=\"qodef-m-text\">\n\t\t\t\t\t\t\t<span class=\"qodef-m-icon\">\n\t\t\t\t\t<i aria-hidden=\"true\" class=\"fas fa-quote-left\"><\/i>\t\t\t\t<\/span>\n\t\t\t\t\t\tLa equidad y el respecto a toda persona es presente en nuestro ideario. La Universidad est\u00e1 abierta con esp\u00edritu universal a todo tipo de personas, sin discriminaciones por motivo de religi\u00f3n, nacionalidad, procedencia geogr\u00e1fica o social, sexo, raza, ideolog\u00eda o cualquier otro tipo\".\t\t<\/h4>\n\t<\/div>\n\t\t\t\t<\/div>\n\t\t\t\t<\/div>\n\t\t\t\t<div class=\"elementor-element elementor-element-c98581d elementor-widget elementor-widget-text-editor\" data-id=\"c98581d\" data-element_type=\"widget\" data-e-type=\"widget\" data-widget_type=\"text-editor.default\">\n\t\t\t\t<div class=\"elementor-widget-container\">\n\t\t\t\t\t\t\t\t\t<p><strong>3. \u00bfPor qu\u00e9 es estrat\u00e9gico trabajar hoy por la igualdad de oportunidades y por la inclusi\u00f3n desde la universidad?<\/strong><\/p>\n<p>Este objetivo es una meta com\u00fan en nuestra sociedad y est\u00e1 respaldado por un marco legal internacional, estatal y auton\u00f3mico s\u00f3lido. Adem\u00e1s, la equidad y el respeto a toda persona est\u00e1 presente en nuestro ideario: es requisito indispensable para el servicio adecuado que la Universidad quiere prestar a la persona que todo el que integra la comunidad universitaria y el mismo trabajo universitario est\u00e9n presididos por la consideraci\u00f3n de la elevada dignidad de la persona, con el m\u00e1s pleno respeto a los derechos humanos (art. 6 Ideario). La Universidad est\u00e1 abierta con esp\u00edritu universal a toda clase de personas, sin discriminaciones por motivo de religi\u00f3n, nacionalidad, procedencia geogr\u00e1fica o social, sexo, raza, ideolog\u00eda o cualquier otro tipo (art. 8 Ideario).<\/p>\n<p><strong>4. \u00bfQu\u00e9 objetivos tiene la Unidad a corto o medio plazo?<\/strong><\/p>\n<p>De modo m\u00e1s inmediato la Unidad quiere mantener y aumentar la presencia en foros de expertos sobre esta tem\u00e1tica, igualdad de oportunidades y conciliaci\u00f3n, as\u00ed como seguir haciendo un seguimiento del III Plan de igualdad de oportunidades (2022-2026), en colaboraci\u00f3n con el grupo de trabajo de seguimiento del plan que realiz\u00f3 el diagn\u00f3stico del plan anterior y en coordinaci\u00f3n con la Direcci\u00f3n de Personas y el Vicerrectorado de Comunidad Universitaria, de quien depende la Unidad. Por otra parte, cabe destacar que el Plan est\u00e1 estrechamente ligado al fomento de acciones positivas para la prevenci\u00f3n de la violencia y el fomento de relaciones saludables en toda la instituci\u00f3n, tal como qued\u00f3 reflejado en el Protocolo de acoso.<\/p>\n\t\t\t\t\t\t\t\t<\/div>\n\t\t\t\t<\/div>\n\t\t\t\t\t<\/div>\n\t\t<\/div>\n\t\t\t\t\t<\/div>\n\t\t<\/section>\n\t\t\t\t<section class=\"elementor-section elementor-top-section elementor-element elementor-element-a2b1c45 elementor-section-boxed elementor-section-height-default elementor-section-height-default parallax_section_no qode_elementor_container_no\" data-id=\"a2b1c45\" data-element_type=\"section\" data-e-type=\"section\">\n\t\t\t\t\t\t<div class=\"elementor-container elementor-column-gap-default\">\n\t\t\t\t\t<div class=\"elementor-column elementor-col-100 elementor-top-column elementor-element elementor-element-1d2dcb9\" data-id=\"1d2dcb9\" data-element_type=\"column\" data-e-type=\"column\">\n\t\t\t<div class=\"elementor-widget-wrap elementor-element-populated\">\n\t\t\t\t\t\t<div class=\"elementor-element elementor-element-339e5d1 elementor-widget elementor-widget-heading\" data-id=\"339e5d1\" data-element_type=\"widget\" data-e-type=\"widget\" data-widget_type=\"heading.default\">\n\t\t\t\t<div class=\"elementor-widget-container\">\n\t\t\t\t\t<h2 class=\"elementor-heading-title elementor-size-default\">M\u00e1s informaci\u00f3n<\/h2>\t\t\t\t<\/div>\n\t\t\t\t<\/div>\n\t\t\t\t<div class=\"elementor-element elementor-element-27c51e1 elementor-widget-divider--view-line elementor-widget elementor-widget-divider\" data-id=\"27c51e1\" data-element_type=\"widget\" data-e-type=\"widget\" data-widget_type=\"divider.default\">\n\t\t\t\t<div class=\"elementor-widget-container\">\n\t\t\t\t\t\t\t<div class=\"elementor-divider\">\n\t\t\t<span class=\"elementor-divider-separator\">\n\t\t\t\t\t\t<\/span>\n\t\t<\/div>\n\t\t\t\t\t\t<\/div>\n\t\t\t\t<\/div>\n\t\t\t\t\t<\/div>\n\t\t<\/div>\n\t\t\t\t\t<\/div>\n\t\t<\/section>\n\t\t\t\t<section class=\"elementor-section elementor-top-section elementor-element elementor-element-78c49f0 elementor-section-full_width elementor-section-height-default elementor-section-height-default parallax_section_no qode_elementor_container_no\" data-id=\"78c49f0\" data-element_type=\"section\" data-e-type=\"section\">\n\t\t\t\t\t\t<div class=\"elementor-container elementor-column-gap-narrow\">\n\t\t\t\t\t<div class=\"elementor-column elementor-col-100 elementor-top-column elementor-element elementor-element-657bc38\" data-id=\"657bc38\" data-element_type=\"column\" data-e-type=\"column\">\n\t\t\t<div class=\"elementor-widget-wrap elementor-element-populated\">\n\t\t\t\t\t\t<div class=\"elementor-element elementor-element-6e3f48e elementor-align-left elementor-widget elementor-widget-button\" data-id=\"6e3f48e\" data-element_type=\"widget\" data-e-type=\"widget\" data-widget_type=\"button.default\">\n\t\t\t\t<div class=\"elementor-widget-container\">\n\t\t\t\t\t\t\t\t\t<div class=\"elementor-button-wrapper\">\n\t\t\t\t\t<a class=\"elementor-button elementor-button-link elementor-size-lg\" href=\"https:\/\/www.uic.es\/ca\/universitat\/campus\/unitat-digualtat\" target=\"_blank\">\n\t\t\t\t\t\t<span class=\"elementor-button-content-wrapper\">\n\t\t\t\t\t\t\t\t\t<span class=\"elementor-button-text\">Visita el web de la Unidad de Igualdad<\/span>\n\t\t\t\t\t<\/span>\n\t\t\t\t\t<\/a>\n\t\t\t\t<\/div>\n\t\t\t\t\t\t\t\t<\/div>\n\t\t\t\t<\/div>\n\t\t\t\t<div class=\"elementor-element elementor-element-c8d37fe elementor-align-left elementor-widget elementor-widget-button\" data-id=\"c8d37fe\" data-element_type=\"widget\" data-e-type=\"widget\" data-widget_type=\"button.default\">\n\t\t\t\t<div class=\"elementor-widget-container\">\n\t\t\t\t\t\t\t\t\t<div class=\"elementor-button-wrapper\">\n\t\t\t\t\t<a class=\"elementor-button elementor-button-link elementor-size-lg\" href=\"https:\/\/theconversation.com\/avance-femenino-imparable-en-la-ciencia-menos-en-las-carreras-ctim-y-en-las-catedras-198437\" target=\"_blank\" rel=\"nofollow\">\n\t\t\t\t\t\t<span class=\"elementor-button-content-wrapper\">\n\t\t\t\t\t\t\t\t\t<span class=\"elementor-button-text\">Lee el art\u00edculo de la Dra. Le\u00f3n a The Conversation<\/span>\n\t\t\t\t\t<\/span>\n\t\t\t\t\t<\/a>\n\t\t\t\t<\/div>\n\t\t\t\t\t\t\t\t<\/div>\n\t\t\t\t<\/div>\n\t\t\t\t\t<\/div>\n\t\t<\/div>\n\t\t\t\t\t<\/div>\n\t\t<\/section>\n\t\t\t\t<section class=\"elementor-section elementor-top-section elementor-element elementor-element-518a627 elementor-section-boxed elementor-section-height-default elementor-section-height-default parallax_section_no qode_elementor_container_no\" data-id=\"518a627\" data-element_type=\"section\" data-e-type=\"section\">\n\t\t\t\t\t\t<div class=\"elementor-container elementor-column-gap-default\">\n\t\t\t\t\t<div class=\"elementor-column elementor-col-100 elementor-top-column elementor-element elementor-element-d156206\" data-id=\"d156206\" data-element_type=\"column\" data-e-type=\"column\">\n\t\t\t<div class=\"elementor-widget-wrap elementor-element-populated\">\n\t\t\t\t\t\t<div class=\"elementor-element elementor-element-4f68039 elementor-widget-divider--view-line elementor-widget elementor-widget-divider\" data-id=\"4f68039\" data-element_type=\"widget\" data-e-type=\"widget\" data-widget_type=\"divider.default\">\n\t\t\t\t<div class=\"elementor-widget-container\">\n\t\t\t\t\t\t\t<div class=\"elementor-divider\">\n\t\t\t<span class=\"elementor-divider-separator\">\n\t\t\t\t\t\t<\/span>\n\t\t<\/div>\n\t\t\t\t\t\t<\/div>\n\t\t\t\t<\/div>\n\t\t\t\t\t<\/div>\n\t\t<\/div>\n\t\t\t\t\t<\/div>\n\t\t<\/section>\n\t\t\t\t<section class=\"elementor-section elementor-top-section elementor-element elementor-element-ea3571c elementor-section-full_width elementor-section-height-default elementor-section-height-default parallax_section_no qode_elementor_container_no\" data-id=\"ea3571c\" data-element_type=\"section\" data-e-type=\"section\">\n\t\t\t\t\t\t<div class=\"elementor-container elementor-column-gap-narrow\">\n\t\t\t\t\t<div class=\"elementor-column elementor-col-25 elementor-top-column elementor-element elementor-element-f78d20b\" data-id=\"f78d20b\" data-element_type=\"column\" data-e-type=\"column\">\n\t\t\t<div class=\"elementor-widget-wrap elementor-element-populated\">\n\t\t\t\t\t\t<div class=\"elementor-element elementor-element-0a79ee2 elementor-align-center elementor-widget elementor-widget-button\" data-id=\"0a79ee2\" data-element_type=\"widget\" data-e-type=\"widget\" data-widget_type=\"button.default\">\n\t\t\t\t<div class=\"elementor-widget-container\">\n\t\t\t\t\t\t\t\t\t<div class=\"elementor-button-wrapper\">\n\t\t\t\t\t<a class=\"elementor-button elementor-button-link elementor-size-sm\" href=\"https:\/\/25anys.uic.es\/la-presencia-de-les-dones-a-uic-barcelona\/\">\n\t\t\t\t\t\t<span class=\"elementor-button-content-wrapper\">\n\t\t\t\t\t\t\t\t\t<span class=\"elementor-button-text\">La presencia de las mujeres a UIC Barcelona<\/span>\n\t\t\t\t\t<\/span>\n\t\t\t\t\t<\/a>\n\t\t\t\t<\/div>\n\t\t\t\t\t\t\t\t<\/div>\n\t\t\t\t<\/div>\n\t\t\t\t\t<\/div>\n\t\t<\/div>\n\t\t\t\t<div class=\"elementor-column elementor-col-25 elementor-top-column elementor-element elementor-element-954413f\" data-id=\"954413f\" data-element_type=\"column\" data-e-type=\"column\">\n\t\t\t<div class=\"elementor-widget-wrap elementor-element-populated\">\n\t\t\t\t\t\t<div class=\"elementor-element elementor-element-0337c08 elementor-align-center elementor-widget elementor-widget-button\" data-id=\"0337c08\" data-element_type=\"widget\" data-e-type=\"widget\" data-widget_type=\"button.default\">\n\t\t\t\t<div class=\"elementor-widget-container\">\n\t\t\t\t\t\t\t\t\t<div class=\"elementor-button-wrapper\">\n\t\t\t\t\t<a class=\"elementor-button elementor-button-link elementor-size-sm\" href=\"https:\/\/25anys.uic.es\/exposicio-dona-i-ciencia\/\">\n\t\t\t\t\t\t<span class=\"elementor-button-content-wrapper\">\n\t\t\t\t\t\t\t\t\t<span class=\"elementor-button-text\">Exposici\u00f3n \"Mujer y ciencia\"<\/span>\n\t\t\t\t\t<\/span>\n\t\t\t\t\t<\/a>\n\t\t\t\t<\/div>\n\t\t\t\t\t\t\t\t<\/div>\n\t\t\t\t<\/div>\n\t\t\t\t\t<\/div>\n\t\t<\/div>\n\t\t\t\t<div class=\"elementor-column elementor-col-25 elementor-top-column elementor-element elementor-element-1c13db0\" data-id=\"1c13db0\" data-element_type=\"column\" data-e-type=\"column\">\n\t\t\t<div class=\"elementor-widget-wrap elementor-element-populated\">\n\t\t\t\t\t\t<div class=\"elementor-element elementor-element-2d588b9 elementor-align-center elementor-widget elementor-widget-button\" data-id=\"2d588b9\" data-element_type=\"widget\" data-e-type=\"widget\" data-widget_type=\"button.default\">\n\t\t\t\t<div class=\"elementor-widget-container\">\n\t\t\t\t\t\t\t\t\t<div class=\"elementor-button-wrapper\">\n\t\t\t\t\t<a class=\"elementor-button elementor-button-link elementor-size-sm\" href=\"https:\/\/25anys.uic.es\/coneguem-la-unitat-digualtat\/\">\n\t\t\t\t\t\t<span class=\"elementor-button-content-wrapper\">\n\t\t\t\t\t\t\t\t\t<span class=\"elementor-button-text\">Conozcamos la Unidad de Igualdad<\/span>\n\t\t\t\t\t<\/span>\n\t\t\t\t\t<\/a>\n\t\t\t\t<\/div>\n\t\t\t\t\t\t\t\t<\/div>\n\t\t\t\t<\/div>\n\t\t\t\t\t<\/div>\n\t\t<\/div>\n\t\t\t\t<div class=\"elementor-column elementor-col-25 elementor-top-column elementor-element elementor-element-b36d210\" data-id=\"b36d210\" data-element_type=\"column\" data-e-type=\"column\">\n\t\t\t<div class=\"elementor-widget-wrap elementor-element-populated\">\n\t\t\t\t\t\t<div class=\"elementor-element elementor-element-6175a6c elementor-align-center elementor-widget elementor-widget-button\" data-id=\"6175a6c\" data-element_type=\"widget\" data-e-type=\"widget\" data-widget_type=\"button.default\">\n\t\t\t\t<div class=\"elementor-widget-container\">\n\t\t\t\t\t\t\t\t\t<div class=\"elementor-button-wrapper\">\n\t\t\t\t\t<a class=\"elementor-button elementor-button-link elementor-size-sm\" href=\"https:\/\/25anys.uic.es\/avanc-femeni-imparable-en-la-ciencia-menys-a-les-carreres-stem-i-a-les-catedres\/\">\n\t\t\t\t\t\t<span class=\"elementor-button-content-wrapper\">\n\t\t\t\t\t\t\t\t\t<span class=\"elementor-button-text\">Avance femenino imparable en la ciencia<\/span>\n\t\t\t\t\t<\/span>\n\t\t\t\t\t<\/a>\n\t\t\t\t<\/div>\n\t\t\t\t\t\t\t\t<\/div>\n\t\t\t\t<\/div>\n\t\t\t\t\t<\/div>\n\t\t<\/div>\n\t\t\t\t\t<\/div>\n\t\t<\/section>\n\t\t\t\t<section class=\"elementor-section elementor-top-section elementor-element elementor-element-939cfeb elementor-section-full_width elementor-section-height-default elementor-section-height-default parallax_section_no qode_elementor_container_no\" data-id=\"939cfeb\" data-element_type=\"section\" data-e-type=\"section\">\n\t\t\t\t\t\t<div class=\"elementor-container elementor-column-gap-narrow\">\n\t\t\t\t\t<div class=\"elementor-column elementor-col-33 elementor-top-column elementor-element elementor-element-86a452f\" data-id=\"86a452f\" data-element_type=\"column\" data-e-type=\"column\">\n\t\t\t<div class=\"elementor-widget-wrap elementor-element-populated\">\n\t\t\t\t\t\t<div class=\"elementor-element elementor-element-b060067 elementor-align-center elementor-widget elementor-widget-button\" data-id=\"b060067\" data-element_type=\"widget\" data-e-type=\"widget\" data-widget_type=\"button.default\">\n\t\t\t\t<div class=\"elementor-widget-container\">\n\t\t\t\t\t\t\t\t\t<div class=\"elementor-button-wrapper\">\n\t\t\t\t\t<a class=\"elementor-button elementor-button-link elementor-size-sm\" href=\"https:\/\/25anys.uic.es\/9-sgr-liderats-per-dones\/\">\n\t\t\t\t\t\t<span class=\"elementor-button-content-wrapper\">\n\t\t\t\t\t\t\t\t\t<span class=\"elementor-button-text\">9 SGR lideratos por mujeres<\/span>\n\t\t\t\t\t<\/span>\n\t\t\t\t\t<\/a>\n\t\t\t\t<\/div>\n\t\t\t\t\t\t\t\t<\/div>\n\t\t\t\t<\/div>\n\t\t\t\t\t<\/div>\n\t\t<\/div>\n\t\t\t\t<div class=\"elementor-column elementor-col-33 elementor-top-column elementor-element elementor-element-fafbccf\" data-id=\"fafbccf\" data-element_type=\"column\" data-e-type=\"column\">\n\t\t\t<div class=\"elementor-widget-wrap elementor-element-populated\">\n\t\t\t\t\t\t<div class=\"elementor-element elementor-element-dfb9c3e elementor-align-center elementor-widget elementor-widget-button\" data-id=\"dfb9c3e\" data-element_type=\"widget\" data-e-type=\"widget\" data-widget_type=\"button.default\">\n\t\t\t\t<div class=\"elementor-widget-container\">\n\t\t\t\t\t\t\t\t\t<div class=\"elementor-button-wrapper\">\n\t\t\t\t\t<a class=\"elementor-button elementor-button-link elementor-size-sm\" href=\"https:\/\/25anys.uic.es\/entrevistem-sara-eltokhy\/\">\n\t\t\t\t\t\t<span class=\"elementor-button-content-wrapper\">\n\t\t\t\t\t\t\t\t\t<span class=\"elementor-button-text\">Entrevistemos Sara Eltokhy<\/span>\n\t\t\t\t\t<\/span>\n\t\t\t\t\t<\/a>\n\t\t\t\t<\/div>\n\t\t\t\t\t\t\t\t<\/div>\n\t\t\t\t<\/div>\n\t\t\t\t\t<\/div>\n\t\t<\/div>\n\t\t\t\t<div class=\"elementor-column elementor-col-33 elementor-top-column elementor-element elementor-element-8e051b7\" data-id=\"8e051b7\" data-element_type=\"column\" data-e-type=\"column\">\n\t\t\t<div class=\"elementor-widget-wrap elementor-element-populated\">\n\t\t\t\t\t\t<div class=\"elementor-element elementor-element-6afd899 elementor-align-center elementor-widget elementor-widget-button\" data-id=\"6afd899\" data-element_type=\"widget\" data-e-type=\"widget\" data-widget_type=\"button.default\">\n\t\t\t\t<div class=\"elementor-widget-container\">\n\t\t\t\t\t\t\t\t\t<div class=\"elementor-button-wrapper\">\n\t\t\t\t\t<a class=\"elementor-button elementor-button-link elementor-size-sm\" href=\"https:\/\/25anys.uic.es\/conferencia-dones-artistes-pinten-dones-singulars\/\">\n\t\t\t\t\t\t<span class=\"elementor-button-content-wrapper\">\n\t\t\t\t\t\t\t\t\t<span class=\"elementor-button-text\">Mujeres artistas<\/span>\n\t\t\t\t\t<\/span>\n\t\t\t\t\t<\/a>\n\t\t\t\t<\/div>\n\t\t\t\t\t\t\t\t<\/div>\n\t\t\t\t<\/div>\n\t\t\t\t\t<\/div>\n\t\t<\/div>\n\t\t\t\t\t<\/div>\n\t\t<\/section>\n\t\t\t\t<\/div>\n\t\t","protected":false},"excerpt":{"rendered":"<p>Es una unidad de servicio que nace del compromiso de trabajar en el fomento y desarrollo de la igualdad de oportunidades de toda la comunidad universitaria. Como oficina, su trabajo es sensibilizar, informar, atender consultas y colaborar en el trabajo en red de otras Unidades de Igualdad del sistema universitario espa\u00f1ol y catal\u00e1n.<\/p>\n","protected":false},"author":4,"featured_media":6270,"comment_status":"closed","ping_status":"closed","sticky":false,"template":"","format":"standard","meta":{"om_disable_all_campaigns":false,"_monsterinsights_skip_tracking":false,"_monsterinsights_sitenote_active":false,"_monsterinsights_sitenote_note":"","_monsterinsights_sitenote_category":0,"_uf_show_specific_survey":0,"_uf_disable_surveys":false,"footnotes":""},"categories":[105],"tags":[],"class_list":["post-6586","post","type-post","status-publish","format-standard","has-post-thumbnail","hentry","category-voces"],"aioseo_notices":[],"_links":{"self":[{"href":"https:\/\/25anys.uic.es\/es\/wp-json\/wp\/v2\/posts\/6586","targetHints":{"allow":["GET"]}}],"collection":[{"href":"https:\/\/25anys.uic.es\/es\/wp-json\/wp\/v2\/posts"}],"about":[{"href":"https:\/\/25anys.uic.es\/es\/wp-json\/wp\/v2\/types\/post"}],"author":[{"embeddable":true,"href":"https:\/\/25anys.uic.es\/es\/wp-json\/wp\/v2\/users\/4"}],"replies":[{"embeddable":true,"href":"https:\/\/25anys.uic.es\/es\/wp-json\/wp\/v2\/comments?post=6586"}],"version-history":[{"count":1,"href":"https:\/\/25anys.uic.es\/es\/wp-json\/wp\/v2\/posts\/6586\/revisions"}],"predecessor-version":[{"id":6587,"href":"https:\/\/25anys.uic.es\/es\/wp-json\/wp\/v2\/posts\/6586\/revisions\/6587"}],"wp:featuredmedia":[{"embeddable":true,"href":"https:\/\/25anys.uic.es\/es\/wp-json\/wp\/v2\/media\/6270"}],"wp:attachment":[{"href":"https:\/\/25anys.uic.es\/es\/wp-json\/wp\/v2\/media?parent=6586"}],"wp:term":[{"taxonomy":"category","embeddable":true,"href":"https:\/\/25anys.uic.es\/es\/wp-json\/wp\/v2\/categories?post=6586"},{"taxonomy":"post_tag","embeddable":true,"href":"https:\/\/25anys.uic.es\/es\/wp-json\/wp\/v2\/tags?post=6586"}],"curies":[{"name":"wp","href":"https:\/\/api.w.org\/{rel}","templated":true}]}}