{"id":7846,"date":"2023-06-09T15:59:03","date_gmt":"2023-06-09T13:59:03","guid":{"rendered":"https:\/\/25anys.uic.es\/?p=7846"},"modified":"2023-06-14T13:03:48","modified_gmt":"2023-06-14T11:03:48","slug":"el-cuidado-de-las-personas-adn-de-uic-barcelona","status":"publish","type":"post","link":"https:\/\/25anys.uic.es\/es\/el-cuidado-de-las-personas-adn-de-uic-barcelona\/","title":{"rendered":"El cuidado de las personas, ADN de UIC Barcelona"},"content":{"rendered":"\t\t<div data-elementor-type=\"wp-post\" data-elementor-id=\"7846\" class=\"elementor elementor-7846 elementor-7845\" data-elementor-post-type=\"post\">\n\t\t\t\t\t\t<section class=\"elementor-section elementor-top-section elementor-element elementor-element-79ae257 elementor-section-boxed elementor-section-height-default elementor-section-height-default parallax_section_no qode_elementor_container_no\" data-id=\"79ae257\" data-element_type=\"section\" data-e-type=\"section\">\n\t\t\t\t\t\t<div class=\"elementor-container elementor-column-gap-default\">\n\t\t\t\t\t<div class=\"elementor-column elementor-col-100 elementor-top-column elementor-element elementor-element-3b7f4d8\" data-id=\"3b7f4d8\" data-element_type=\"column\" data-e-type=\"column\">\n\t\t\t<div class=\"elementor-widget-wrap elementor-element-populated\">\n\t\t\t\t\t\t<div class=\"elementor-element elementor-element-8c0c759 elementor-widget elementor-widget-heading\" data-id=\"8c0c759\" data-element_type=\"widget\" data-e-type=\"widget\" data-widget_type=\"heading.default\">\n\t\t\t\t<div class=\"elementor-widget-container\">\n\t\t\t\t\t<h2 class=\"elementor-heading-title elementor-size-default\">Noticia<\/h2>\t\t\t\t<\/div>\n\t\t\t\t<\/div>\n\t\t\t\t<div class=\"elementor-element elementor-element-ad73ea3 elementor-widget-divider--view-line elementor-widget elementor-widget-divider\" data-id=\"ad73ea3\" data-element_type=\"widget\" data-e-type=\"widget\" data-widget_type=\"divider.default\">\n\t\t\t\t<div class=\"elementor-widget-container\">\n\t\t\t\t\t\t\t<div class=\"elementor-divider\">\n\t\t\t<span class=\"elementor-divider-separator\">\n\t\t\t\t\t\t<\/span>\n\t\t<\/div>\n\t\t\t\t\t\t<\/div>\n\t\t\t\t<\/div>\n\t\t\t\t\t<\/div>\n\t\t<\/div>\n\t\t\t\t\t<\/div>\n\t\t<\/section>\n\t\t\t\t<section class=\"elementor-section elementor-top-section elementor-element elementor-element-ca4f38a elementor-section-full_width elementor-section-height-default elementor-section-height-default parallax_section_no qode_elementor_container_no\" data-id=\"ca4f38a\" data-element_type=\"section\" data-e-type=\"section\">\n\t\t\t\t\t\t<div class=\"elementor-container elementor-column-gap-narrow\">\n\t\t\t\t\t<div class=\"elementor-column elementor-col-20 elementor-top-column elementor-element elementor-element-73061c8\" data-id=\"73061c8\" data-element_type=\"column\" data-e-type=\"column\">\n\t\t\t<div class=\"elementor-widget-wrap elementor-element-populated\">\n\t\t\t\t\t\t<div class=\"elementor-element elementor-element-d40b458 elementor-align-center elementor-widget-mobile__width-initial elementor-widget elementor-widget-button\" data-id=\"d40b458\" data-element_type=\"widget\" data-e-type=\"widget\" data-widget_type=\"button.default\">\n\t\t\t\t<div class=\"elementor-widget-container\">\n\t\t\t\t\t\t\t\t\t<div class=\"elementor-button-wrapper\">\n\t\t\t\t\t<a class=\"elementor-button elementor-button-link elementor-size-sm\" href=\"https:\/\/25anys.uic.es\/es\/?p=7814\">\n\t\t\t\t\t\t<span class=\"elementor-button-content-wrapper\">\n\t\t\t\t\t\t\t\t\t<span class=\"elementor-button-text\">Noticia Simposio<\/span>\n\t\t\t\t\t<\/span>\n\t\t\t\t\t<\/a>\n\t\t\t\t<\/div>\n\t\t\t\t\t\t\t\t<\/div>\n\t\t\t\t<\/div>\n\t\t\t\t\t<\/div>\n\t\t<\/div>\n\t\t\t\t<div class=\"elementor-column elementor-col-20 elementor-top-column elementor-element elementor-element-57b6911\" data-id=\"57b6911\" data-element_type=\"column\" data-e-type=\"column\">\n\t\t\t<div class=\"elementor-widget-wrap elementor-element-populated\">\n\t\t\t\t\t\t<div class=\"elementor-element elementor-element-8e257df elementor-widget elementor-widget-button\" data-id=\"8e257df\" data-element_type=\"widget\" data-e-type=\"widget\" data-widget_type=\"button.default\">\n\t\t\t\t<div class=\"elementor-widget-container\">\n\t\t\t\t\t\t\t\t\t<div class=\"elementor-button-wrapper\">\n\t\t\t\t\t<a class=\"elementor-button elementor-button-link elementor-size-sm\" href=\"https:\/\/25anys.uic.es\/es\/?p=7846\">\n\t\t\t\t\t\t<span class=\"elementor-button-content-wrapper\">\n\t\t\t\t\t\t\t\t\t<span class=\"elementor-button-text\">Reportaje a fondo<\/span>\n\t\t\t\t\t<\/span>\n\t\t\t\t\t<\/a>\n\t\t\t\t<\/div>\n\t\t\t\t\t\t\t\t<\/div>\n\t\t\t\t<\/div>\n\t\t\t\t\t<\/div>\n\t\t<\/div>\n\t\t\t\t<div class=\"elementor-column elementor-col-20 elementor-top-column elementor-element elementor-element-a185c32\" data-id=\"a185c32\" data-element_type=\"column\" data-e-type=\"column\">\n\t\t\t<div class=\"elementor-widget-wrap elementor-element-populated\">\n\t\t\t\t\t\t<div class=\"elementor-element elementor-element-d432bf5 elementor-align-center elementor-widget-mobile__width-initial elementor-widget elementor-widget-button\" data-id=\"d432bf5\" data-element_type=\"widget\" data-e-type=\"widget\" data-widget_type=\"button.default\">\n\t\t\t\t<div class=\"elementor-widget-container\">\n\t\t\t\t\t\t\t\t\t<div class=\"elementor-button-wrapper\">\n\t\t\t\t\t<a class=\"elementor-button elementor-button-link elementor-size-sm\" href=\"https:\/\/25anys.uic.es\/es\/eduardo-bruera-referente-mundial-en-cuidados-paliativos-se-incorpora-al-claustro-de-doctores-honoris-causa-de-la-universidad\/\">\n\t\t\t\t\t\t<span class=\"elementor-button-content-wrapper\">\n\t\t\t\t\t\t\t\t\t<span class=\"elementor-button-text\">Noticia Honoris<\/span>\n\t\t\t\t\t<\/span>\n\t\t\t\t\t<\/a>\n\t\t\t\t<\/div>\n\t\t\t\t\t\t\t\t<\/div>\n\t\t\t\t<\/div>\n\t\t\t\t\t<\/div>\n\t\t<\/div>\n\t\t\t\t<div class=\"elementor-column elementor-col-20 elementor-top-column elementor-element elementor-element-16d9809\" data-id=\"16d9809\" data-element_type=\"column\" data-e-type=\"column\">\n\t\t\t<div class=\"elementor-widget-wrap elementor-element-populated\">\n\t\t\t\t\t\t<div class=\"elementor-element elementor-element-1a3cbbf elementor-align-right elementor-widget-mobile__width-initial elementor-widget__width-initial elementor-widget elementor-widget-button\" data-id=\"1a3cbbf\" data-element_type=\"widget\" data-e-type=\"widget\" data-widget_type=\"button.default\">\n\t\t\t\t<div class=\"elementor-widget-container\">\n\t\t\t\t\t\t\t\t\t<div class=\"elementor-button-wrapper\">\n\t\t\t\t\t<a class=\"elementor-button elementor-button-link elementor-size-sm\" href=\"https:\/\/25anys.uic.es\/es\/?p=7836\">\n\t\t\t\t\t\t<span class=\"elementor-button-content-wrapper\">\n\t\t\t\t\t\t\t\t\t<span class=\"elementor-button-text\">Entrevista Dr. Bruera<\/span>\n\t\t\t\t\t<\/span>\n\t\t\t\t\t<\/a>\n\t\t\t\t<\/div>\n\t\t\t\t\t\t\t\t<\/div>\n\t\t\t\t<\/div>\n\t\t\t\t\t<\/div>\n\t\t<\/div>\n\t\t\t\t<div class=\"elementor-column elementor-col-20 elementor-top-column elementor-element elementor-element-33bffbd\" data-id=\"33bffbd\" data-element_type=\"column\" data-e-type=\"column\">\n\t\t\t<div class=\"elementor-widget-wrap elementor-element-populated\">\n\t\t\t\t\t\t<div class=\"elementor-element elementor-element-013aa87 elementor-align-right elementor-widget-mobile__width-initial elementor-widget elementor-widget-button\" data-id=\"013aa87\" data-element_type=\"widget\" data-e-type=\"widget\" data-widget_type=\"button.default\">\n\t\t\t\t<div class=\"elementor-widget-container\">\n\t\t\t\t\t\t\t\t\t<div class=\"elementor-button-wrapper\">\n\t\t\t\t\t<a class=\"elementor-button elementor-button-link elementor-size-sm\" href=\"https:\/\/www.youtube.com\/playlist?list=PLcXC0agYq2gruAIeZLM5WldfHMU7iC-w_\">\n\t\t\t\t\t\t<span class=\"elementor-button-content-wrapper\">\n\t\t\t\t\t\t\t\t\t<span class=\"elementor-button-text\">C\u00e1psulas Simposio<\/span>\n\t\t\t\t\t<\/span>\n\t\t\t\t\t<\/a>\n\t\t\t\t<\/div>\n\t\t\t\t\t\t\t\t<\/div>\n\t\t\t\t<\/div>\n\t\t\t\t\t<\/div>\n\t\t<\/div>\n\t\t\t\t\t<\/div>\n\t\t<\/section>\n\t\t\t\t<section class=\"elementor-section elementor-top-section elementor-element elementor-element-a3f6052 elementor-section-boxed elementor-section-height-default elementor-section-height-default parallax_section_no qode_elementor_container_no\" data-id=\"a3f6052\" data-element_type=\"section\" data-e-type=\"section\">\n\t\t\t\t\t\t<div class=\"elementor-container elementor-column-gap-default\">\n\t\t\t\t\t<div class=\"elementor-column elementor-col-100 elementor-top-column elementor-element elementor-element-f744a96\" data-id=\"f744a96\" data-element_type=\"column\" data-e-type=\"column\">\n\t\t\t<div class=\"elementor-widget-wrap elementor-element-populated\">\n\t\t\t\t\t\t<div class=\"elementor-element elementor-element-1a4fc04 elementor-widget elementor-widget-text-editor\" data-id=\"1a4fc04\" data-element_type=\"widget\" data-e-type=\"widget\" data-widget_type=\"text-editor.default\">\n\t\t\t\t<div class=\"elementor-widget-container\">\n\t\t\t\t\t\t\t\t\t<p><strong>Desde su creaci\u00f3n<\/strong> <strong>en 1997<\/strong><strong>, la Universidad ha impulsado iniciativas y proyectos que pongan la persona en el centro, con el objetivo de crear impacto a trav\u00e9s de la docencia, la investigaci\u00f3n y la transferencia de conocimiento contribuyendo de este modo al desarrollo social. El Simposio \u201cPersona, sociedad y cuidado\u201d<\/strong><strong>celebrado del 18 al 20 de mayo<\/strong> <strong>en el marco de los actos conmemorativos el 25 aniversario de la universidad, ha querido poner en valor<\/strong> <strong>el cuidado integral para hacer una sociedad m\u00e1s humana.<\/strong><\/p>\n<p>La pandemia ha evidenciado la necesidad y el valor de un aspecto tan esencial en nuestra vida como es el cuidado, tanto a nivel individual como social. Por este motivo, UIC Barcelona organiz\u00f3 del 18 al 20 de mayo el Simposio \u2018Persona, Sociedad y Cuidado\u2019, con la voluntad de revalorizar el sentido del cuidado desde diferentes perspectivas, tomando como eje tem\u00e1tico uno de los valores que configuran nuestro ADN como Comunidad.<\/p>\n<p>Durante tres d\u00edas, los m\u00e1s de 200 participantes han tenido la oportunidad de reflexionar sobre la <strong>dimensi\u00f3n humana<\/strong> del cuidado y compartir experiencias e iniciativas que se est\u00e1n desarrollando en este \u00e1mbito. Y han podido hacerlo acompa\u00f1ados por expertos internacionales de primer nivel como <strong>Luigina Mortari<\/strong>, catedr\u00e1tica de Filosof\u00eda del Cuidado en la Universidad de Verona, o <strong>Pierpaolo Donati<\/strong>, catedr\u00e1tico de Sociolog\u00eda en la Universidad de Bolonia, y <em>doctor honoris causa<\/em> por UIC Barcelona.<\/p>\n<p>Organizado con la colaboraci\u00f3n del <a href=\"https:\/\/www.uic.es\/ca\/institut-destudis-superiors-de-la-familia\">Instituto de Estudios Superiores de la Familia<\/a> (IESF) y la <a href=\"https:\/\/www.uic.es\/ca\/recerca\/transferencia-de-coneixement\/catedres-dempreses\/catedra-direccio-per-missions-i-proposit\">C\u00e1tedra Direcci\u00f3n por Misiones<\/a> y Prop\u00f3sito Corporativo de la Universidad, el Simposio ha contado con un programa de car\u00e1cter transversal, reflejando que el cuidado tiene un car\u00e1cter esencial en las personas.<\/p>\n\t\t\t\t\t\t\t\t<\/div>\n\t\t\t\t<\/div>\n\t\t\t\t\t<\/div>\n\t\t<\/div>\n\t\t\t\t\t<\/div>\n\t\t<\/section>\n\t\t\t\t<section class=\"elementor-section elementor-top-section elementor-element elementor-element-92c6891 elementor-section-boxed elementor-section-height-default elementor-section-height-default parallax_section_no qode_elementor_container_no\" data-id=\"92c6891\" data-element_type=\"section\" data-e-type=\"section\">\n\t\t\t\t\t\t<div class=\"elementor-container elementor-column-gap-default\">\n\t\t\t\t\t<div class=\"elementor-column elementor-col-100 elementor-top-column elementor-element elementor-element-f7baf5b\" data-id=\"f7baf5b\" data-element_type=\"column\" data-e-type=\"column\">\n\t\t\t<div class=\"elementor-widget-wrap elementor-element-populated\">\n\t\t\t\t\t\t<div class=\"elementor-element elementor-element-2b6d739 elementor-widget elementor-widget-qi_addons_for_elementor_blockquote\" data-id=\"2b6d739\" data-element_type=\"widget\" data-e-type=\"widget\" data-widget_type=\"qi_addons_for_elementor_blockquote.default\">\n\t\t\t\t<div class=\"elementor-widget-container\">\n\t\t\t\t\t<div class=\"qodef-shortcode qodef-m qodef-qi-blockquote qodef-layout--inline qodef--icon-pack\">\n\t\t\t<h4 class=\"qodef-m-text\">\n\t\t\t\t\t\t\t<span class=\"qodef-m-icon\">\n\t\t\t\t\t<i aria-hidden=\"true\" class=\"fas fa-quote-left\"><\/i>\t\t\t\t<\/span>\n\t\t\t\t\t\t\u201cEs fundamental humanizar el cuidado, un elemento innato en el ser humano. A todos nos han cuidado, cuidamos o cuidaremos a alguien a lo largo de nuestra vida, y necesitamos formaci\u00f3n y apoyo\u201d Dra. Esther Jim\u00e9nez - Vicerrectora de Comunidad Universitaria\t\t<\/h4>\n\t<\/div>\n\t\t\t\t<\/div>\n\t\t\t\t<\/div>\n\t\t\t\t\t<\/div>\n\t\t<\/div>\n\t\t\t\t\t<\/div>\n\t\t<\/section>\n\t\t\t\t<section class=\"elementor-section elementor-top-section elementor-element elementor-element-3f869ef elementor-section-boxed elementor-section-height-default elementor-section-height-default parallax_section_no qode_elementor_container_no\" data-id=\"3f869ef\" data-element_type=\"section\" data-e-type=\"section\">\n\t\t\t\t\t\t<div class=\"elementor-container elementor-column-gap-default\">\n\t\t\t\t\t<div class=\"elementor-column elementor-col-100 elementor-top-column elementor-element elementor-element-57ae7a3\" data-id=\"57ae7a3\" data-element_type=\"column\" data-e-type=\"column\">\n\t\t\t<div class=\"elementor-widget-wrap elementor-element-populated\">\n\t\t\t\t\t\t<div class=\"elementor-element elementor-element-d0d4ba5 elementor-widget elementor-widget-text-editor\" data-id=\"d0d4ba5\" data-element_type=\"widget\" data-e-type=\"widget\" data-widget_type=\"text-editor.default\">\n\t\t\t\t<div class=\"elementor-widget-container\">\n\t\t\t\t\t\t\t\t\t<p>Desde una vertiente filos\u00f3fica, se analiz\u00f3 el concepto de <strong>\u201cautocuidado\u201d<\/strong> y la importancia de cuidarse un mismo para poder cuidar a los dem\u00e1s. En el Simposio tambi\u00e9n se reflexion\u00f3 sobre el cuidado de manera integral, prestando especial atenci\u00f3n a la <strong>salud mental<\/strong> y, en concreto, a los adolescentes como uno de los colectivos m\u00e1s vulnerables que tiene la sociedad actual, junto al cuidado en la era digital. Las relaciones sociales y la <strong>salud comunitaria<\/strong> tambi\u00e9n se trataron en las diferentes jornadas, poniendo el foco en el papel clave que tiene el entorno social para evitar la soledad no deseada, que afecta a una parte importante de la poblaci\u00f3n vulnerable o con enfermedades avanzadas.<\/p>\n<p>Como dej\u00f3 patente el Simposio, el bienestar de las personas y trabajar para impactar de manera positiva en nuestro entorno es uno de los <strong>valores diferenciales de UIC Barcelona,<\/strong> que se plasma en la manera de hacer de la Universidad. Fruto de este compromiso con la sociedad, la Universidad cuenta con cinco institutos, cinco aulas de empresa, 16 c\u00e1tedras de empresa y tres cl\u00ednicas universitarias desde donde se impulsan iniciativas que generan conocimiento y que ayudan a <strong>impactar en una mejor calidad de vida de las personas.<\/strong> La creaci\u00f3n de <a href=\"https:\/\/www.uic.es\/ca\/cuides-uic-barcelona\">Cuides UIC Barcelona.<\/a>la primera cl\u00ednica universitaria en Espa\u00f1a dedicada \u00edntegramente a la asistencia integral de pacientes con enfermedades avanzadas y con necesidades paliativas, que abri\u00f3 las puertas al p\u00fablico el a\u00f1o pasado, es uno de los proyectos m\u00e1s recientes y que se suma a las dos cl\u00ednicas universitarias ya existentes: la <a href=\"https:\/\/www.uic.es\/ca\/clinica-universitaria-dodontologia\">Cl\u00ednica Universitaria de Odontolog\u00eda (CUO)<\/a> y <a href=\"https:\/\/www.uic.es\/ca\/support-clinica-universitaria-de-psicologia-i-psiquiatria\">Support \u2013 Cl\u00ednica Universitaria de Psicolog\u00eda y Psiquiatr\u00eda<\/a>. Las tres cl\u00ednicas est\u00e1n orientadas a brindar <strong>atenci\u00f3n m\u00e9dica de alta calidad<\/strong>, a la vez que ofrecen espacios donde los alumnos pueden realizar pr\u00e1cticas en entornos reales mejorando as\u00ed su formaci\u00f3n de manera integral y humana.<\/p>\n<p>Pero UIC Barcelona no solo cuida y vela por el bienestar de las personas mediante sus cl\u00ednicas, sino que tambi\u00e9n lo hace <strong>desde los institutos de investigaci\u00f3n y c\u00e1tedras<\/strong> donde se fomenta la <strong>investigaci\u00f3n y la transferencia de conocimiento.<\/strong> Un ejemplo son el <a href=\"https:\/\/www.uic.es\/ca\/institut-universitari-de-pacients\">Instituto Universitario de Pacientes<\/a>, que ha impulsado iniciativas como el Aula Qida de atenci\u00f3n integral domiciliaria, o el Instituto de Estudios Superiores de la Familia (IESF) -creado el 2003 con el apoyo de la Fundaci\u00f3n Joaquim Molins Figueras- que contribuye a generar conocimiento en torno a la situaci\u00f3n actual de la familia. Desde una perspectiva m\u00e1s empresarial, la C\u00e1tedra Direcci\u00f3n por Misiones y Prop\u00f3sito Corporativo propone un modelo diferencial de direcci\u00f3n y organizaci\u00f3n de empresas basado en las personas, en sus motivaciones, sus valores y el sentido de trascendencia de sus actuaciones.<\/p>\n\t\t\t\t\t\t\t\t<\/div>\n\t\t\t\t<\/div>\n\t\t\t\t\t<\/div>\n\t\t<\/div>\n\t\t\t\t\t<\/div>\n\t\t<\/section>\n\t\t\t\t<section class=\"elementor-section elementor-top-section elementor-element elementor-element-019fce2 elementor-section-boxed elementor-section-height-default elementor-section-height-default parallax_section_no qode_elementor_container_no\" data-id=\"019fce2\" data-element_type=\"section\" data-e-type=\"section\">\n\t\t\t\t\t\t<div class=\"elementor-container elementor-column-gap-default\">\n\t\t\t\t\t<div class=\"elementor-column elementor-col-100 elementor-top-column elementor-element elementor-element-a8f2436\" data-id=\"a8f2436\" data-element_type=\"column\" data-e-type=\"column\">\n\t\t\t<div class=\"elementor-widget-wrap elementor-element-populated\">\n\t\t\t\t\t\t<div class=\"elementor-element elementor-element-e26043a elementor-widget-divider--view-line elementor-widget elementor-widget-divider\" data-id=\"e26043a\" data-element_type=\"widget\" data-e-type=\"widget\" data-widget_type=\"divider.default\">\n\t\t\t\t<div class=\"elementor-widget-container\">\n\t\t\t\t\t\t\t<div class=\"elementor-divider\">\n\t\t\t<span class=\"elementor-divider-separator\">\n\t\t\t\t\t\t<\/span>\n\t\t<\/div>\n\t\t\t\t\t\t<\/div>\n\t\t\t\t<\/div>\n\t\t\t\t<div class=\"elementor-element elementor-element-5a772d0 elementor-align-center elementor-widget elementor-widget-button\" data-id=\"5a772d0\" data-element_type=\"widget\" data-e-type=\"widget\" data-widget_type=\"button.default\">\n\t\t\t\t<div class=\"elementor-widget-container\">\n\t\t\t\t\t\t\t\t\t<div class=\"elementor-button-wrapper\">\n\t\t\t\t\t<a class=\"elementor-button elementor-button-link elementor-size-lg\" href=\"https:\/\/cdn.reputation.onclusive.com\/t\/spsmtNjT-meC9iMOU8Ec7P3xMjVsg-pdf-zC\/La_Vanguardia_20230609100000\">\n\t\t\t\t\t\t<span class=\"elementor-button-content-wrapper\">\n\t\t\t\t\t\t\t\t\t<span class=\"elementor-button-text\">Lee la noticia en La Vanguardia<\/span>\n\t\t\t\t\t<\/span>\n\t\t\t\t\t<\/a>\n\t\t\t\t<\/div>\n\t\t\t\t\t\t\t\t<\/div>\n\t\t\t\t<\/div>\n\t\t\t\t<div class=\"elementor-element elementor-element-d4f0c2e elementor-widget-divider--view-line elementor-widget elementor-widget-divider\" data-id=\"d4f0c2e\" data-element_type=\"widget\" data-e-type=\"widget\" data-widget_type=\"divider.default\">\n\t\t\t\t<div class=\"elementor-widget-container\">\n\t\t\t\t\t\t\t<div class=\"elementor-divider\">\n\t\t\t<span class=\"elementor-divider-separator\">\n\t\t\t\t\t\t<\/span>\n\t\t<\/div>\n\t\t\t\t\t\t<\/div>\n\t\t\t\t<\/div>\n\t\t\t\t\t<\/div>\n\t\t<\/div>\n\t\t\t\t\t<\/div>\n\t\t<\/section>\n\t\t\t\t<section class=\"elementor-section elementor-top-section elementor-element elementor-element-097c086 elementor-section-full_width elementor-section-height-default elementor-section-height-default parallax_section_no qode_elementor_container_no\" data-id=\"097c086\" data-element_type=\"section\" data-e-type=\"section\">\n\t\t\t\t\t\t<div class=\"elementor-container elementor-column-gap-narrow\">\n\t\t\t\t\t<div class=\"elementor-column elementor-col-20 elementor-top-column elementor-element elementor-element-75e6c2c\" data-id=\"75e6c2c\" data-element_type=\"column\" data-e-type=\"column\">\n\t\t\t<div class=\"elementor-widget-wrap elementor-element-populated\">\n\t\t\t\t\t\t<div class=\"elementor-element elementor-element-3b5d408 elementor-align-center elementor-widget-mobile__width-initial elementor-widget elementor-widget-button\" data-id=\"3b5d408\" data-element_type=\"widget\" data-e-type=\"widget\" data-widget_type=\"button.default\">\n\t\t\t\t<div class=\"elementor-widget-container\">\n\t\t\t\t\t\t\t\t\t<div class=\"elementor-button-wrapper\">\n\t\t\t\t\t<a class=\"elementor-button elementor-button-link elementor-size-sm\" href=\"https:\/\/25anys.uic.es\/es\/?p=7814\">\n\t\t\t\t\t\t<span class=\"elementor-button-content-wrapper\">\n\t\t\t\t\t\t\t\t\t<span class=\"elementor-button-text\">Noticia Simposio<\/span>\n\t\t\t\t\t<\/span>\n\t\t\t\t\t<\/a>\n\t\t\t\t<\/div>\n\t\t\t\t\t\t\t\t<\/div>\n\t\t\t\t<\/div>\n\t\t\t\t\t<\/div>\n\t\t<\/div>\n\t\t\t\t<div class=\"elementor-column elementor-col-20 elementor-top-column elementor-element elementor-element-41c46c1\" data-id=\"41c46c1\" data-element_type=\"column\" data-e-type=\"column\">\n\t\t\t<div class=\"elementor-widget-wrap elementor-element-populated\">\n\t\t\t\t\t\t<div class=\"elementor-element elementor-element-57ec925 elementor-widget elementor-widget-button\" data-id=\"57ec925\" data-element_type=\"widget\" data-e-type=\"widget\" data-widget_type=\"button.default\">\n\t\t\t\t<div class=\"elementor-widget-container\">\n\t\t\t\t\t\t\t\t\t<div class=\"elementor-button-wrapper\">\n\t\t\t\t\t<a class=\"elementor-button elementor-button-link elementor-size-sm\" href=\"https:\/\/25anys.uic.es\/es\/?p=7846\">\n\t\t\t\t\t\t<span class=\"elementor-button-content-wrapper\">\n\t\t\t\t\t\t\t\t\t<span class=\"elementor-button-text\">Reportaje a fondo<\/span>\n\t\t\t\t\t<\/span>\n\t\t\t\t\t<\/a>\n\t\t\t\t<\/div>\n\t\t\t\t\t\t\t\t<\/div>\n\t\t\t\t<\/div>\n\t\t\t\t\t<\/div>\n\t\t<\/div>\n\t\t\t\t<div class=\"elementor-column elementor-col-20 elementor-top-column elementor-element elementor-element-6c71bcf\" data-id=\"6c71bcf\" data-element_type=\"column\" data-e-type=\"column\">\n\t\t\t<div class=\"elementor-widget-wrap elementor-element-populated\">\n\t\t\t\t\t\t<div class=\"elementor-element elementor-element-2192103 elementor-align-center elementor-widget-mobile__width-initial elementor-widget elementor-widget-button\" data-id=\"2192103\" data-element_type=\"widget\" data-e-type=\"widget\" data-widget_type=\"button.default\">\n\t\t\t\t<div class=\"elementor-widget-container\">\n\t\t\t\t\t\t\t\t\t<div class=\"elementor-button-wrapper\">\n\t\t\t\t\t<a class=\"elementor-button elementor-button-link elementor-size-sm\" href=\"https:\/\/25anys.uic.es\/es\/eduardo-bruera-referente-mundial-en-cuidados-paliativos-se-incorpora-al-claustro-de-doctores-honoris-causa-de-la-universidad\/\">\n\t\t\t\t\t\t<span class=\"elementor-button-content-wrapper\">\n\t\t\t\t\t\t\t\t\t<span class=\"elementor-button-text\">Noticia Honoris<\/span>\n\t\t\t\t\t<\/span>\n\t\t\t\t\t<\/a>\n\t\t\t\t<\/div>\n\t\t\t\t\t\t\t\t<\/div>\n\t\t\t\t<\/div>\n\t\t\t\t\t<\/div>\n\t\t<\/div>\n\t\t\t\t<div class=\"elementor-column elementor-col-20 elementor-top-column elementor-element elementor-element-0cffac8\" data-id=\"0cffac8\" data-element_type=\"column\" data-e-type=\"column\">\n\t\t\t<div class=\"elementor-widget-wrap elementor-element-populated\">\n\t\t\t\t\t\t<div class=\"elementor-element elementor-element-674fda9 elementor-align-right elementor-widget-mobile__width-initial elementor-widget__width-initial elementor-widget elementor-widget-button\" data-id=\"674fda9\" data-element_type=\"widget\" data-e-type=\"widget\" data-widget_type=\"button.default\">\n\t\t\t\t<div class=\"elementor-widget-container\">\n\t\t\t\t\t\t\t\t\t<div class=\"elementor-button-wrapper\">\n\t\t\t\t\t<a class=\"elementor-button elementor-button-link elementor-size-sm\" href=\"https:\/\/25anys.uic.es\/es\/?p=7836\">\n\t\t\t\t\t\t<span class=\"elementor-button-content-wrapper\">\n\t\t\t\t\t\t\t\t\t<span class=\"elementor-button-text\">Entrevista Dr. Bruera<\/span>\n\t\t\t\t\t<\/span>\n\t\t\t\t\t<\/a>\n\t\t\t\t<\/div>\n\t\t\t\t\t\t\t\t<\/div>\n\t\t\t\t<\/div>\n\t\t\t\t\t<\/div>\n\t\t<\/div>\n\t\t\t\t<div class=\"elementor-column elementor-col-20 elementor-top-column elementor-element elementor-element-cebbdb4\" data-id=\"cebbdb4\" data-element_type=\"column\" data-e-type=\"column\">\n\t\t\t<div class=\"elementor-widget-wrap elementor-element-populated\">\n\t\t\t\t\t\t<div class=\"elementor-element elementor-element-6943838 elementor-align-right elementor-widget-mobile__width-initial elementor-widget elementor-widget-button\" data-id=\"6943838\" data-element_type=\"widget\" data-e-type=\"widget\" data-widget_type=\"button.default\">\n\t\t\t\t<div class=\"elementor-widget-container\">\n\t\t\t\t\t\t\t\t\t<div class=\"elementor-button-wrapper\">\n\t\t\t\t\t<a class=\"elementor-button elementor-button-link elementor-size-sm\" href=\"https:\/\/www.youtube.com\/playlist?list=PLcXC0agYq2gruAIeZLM5WldfHMU7iC-w_\">\n\t\t\t\t\t\t<span class=\"elementor-button-content-wrapper\">\n\t\t\t\t\t\t\t\t\t<span class=\"elementor-button-text\">C\u00e1psulas Simposio<\/span>\n\t\t\t\t\t<\/span>\n\t\t\t\t\t<\/a>\n\t\t\t\t<\/div>\n\t\t\t\t\t\t\t\t<\/div>\n\t\t\t\t<\/div>\n\t\t\t\t\t<\/div>\n\t\t<\/div>\n\t\t\t\t\t<\/div>\n\t\t<\/section>\n\t\t\t\t<\/div>\n\t\t","protected":false},"excerpt":{"rendered":"<p>Desde su creaci\u00f3n en 1997, la Universidad ha impulsado iniciativas y proyectos que pongan la persona en el centro, con el objetivo de crear impacto a trav\u00e9s de la docencia, la investigaci\u00f3n y la transferencia de conocimiento contribuyendo de este modo al desarrollo social. <\/p>\n","protected":false},"author":3,"featured_media":7885,"comment_status":"closed","ping_status":"closed","sticky":false,"template":"elementor_theme","format":"standard","meta":{"om_disable_all_campaigns":false,"_monsterinsights_skip_tracking":false,"_monsterinsights_sitenote_active":false,"_monsterinsights_sitenote_note":"","_monsterinsights_sitenote_category":0,"_uf_show_specific_survey":0,"_uf_disable_surveys":false,"footnotes":""},"categories":[104],"tags":[133,135,134,132],"class_list":["post-7846","post","type-post","status-publish","format-standard","has-post-thumbnail","hentry","category-a-fondo-ok","tag-brandlab-es","tag-la-vanguardia-es","tag-lavanguardia-es","tag-simposio"],"aioseo_notices":[],"_links":{"self":[{"href":"https:\/\/25anys.uic.es\/es\/wp-json\/wp\/v2\/posts\/7846","targetHints":{"allow":["GET"]}}],"collection":[{"href":"https:\/\/25anys.uic.es\/es\/wp-json\/wp\/v2\/posts"}],"about":[{"href":"https:\/\/25anys.uic.es\/es\/wp-json\/wp\/v2\/types\/post"}],"author":[{"embeddable":true,"href":"https:\/\/25anys.uic.es\/es\/wp-json\/wp\/v2\/users\/3"}],"replies":[{"embeddable":true,"href":"https:\/\/25anys.uic.es\/es\/wp-json\/wp\/v2\/comments?post=7846"}],"version-history":[{"count":11,"href":"https:\/\/25anys.uic.es\/es\/wp-json\/wp\/v2\/posts\/7846\/revisions"}],"predecessor-version":[{"id":8370,"href":"https:\/\/25anys.uic.es\/es\/wp-json\/wp\/v2\/posts\/7846\/revisions\/8370"}],"wp:featuredmedia":[{"embeddable":true,"href":"https:\/\/25anys.uic.es\/es\/wp-json\/wp\/v2\/media\/7885"}],"wp:attachment":[{"href":"https:\/\/25anys.uic.es\/es\/wp-json\/wp\/v2\/media?parent=7846"}],"wp:term":[{"taxonomy":"category","embeddable":true,"href":"https:\/\/25anys.uic.es\/es\/wp-json\/wp\/v2\/categories?post=7846"},{"taxonomy":"post_tag","embeddable":true,"href":"https:\/\/25anys.uic.es\/es\/wp-json\/wp\/v2\/tags?post=7846"}],"curies":[{"name":"wp","href":"https:\/\/api.w.org\/{rel}","templated":true}]}}